{"id":3533,"date":"2026-04-22T10:35:59","date_gmt":"2026-04-22T14:35:59","guid":{"rendered":"https:\/\/accionarpolitico.com\/?p=3533"},"modified":"2026-04-22T10:35:59","modified_gmt":"2026-04-22T14:35:59","slug":"el-conflicto-y-las-vias-alternas-de-resolucion","status":"publish","type":"post","link":"https:\/\/accionarpolitico.com\/?p=3533","title":{"rendered":"El conflicto y las v\u00edas alternas de resoluci\u00f3n"},"content":{"rendered":"<h3><strong>La resoluci\u00f3n de conflictos abarca desde problemas de mediaci\u00f3n vecinal hasta casos de justicia restaurativa en el \u00e1mbito penal.\u00a0<\/strong><\/h3>\n<p>&nbsp;<\/p>\n<p><strong>Por Jos\u00e9 Mar\u00eda Imbert Sime<\/strong><\/p>\n<p>El conflicto es una constante en la vida de todo ser humano, nadie escapa del conflicto y en ocasiones puede presentarse en las circunstancias menos esperadas. Los conflictos muchas veces se generan en el ejercicio de actividades cotidianas tales como el trabajo, conducir, hacer ejercicios, compartir en lugares de diversi\u00f3n entre otras. Actividades que forman parte de nuestra rutina de vida y que no podemos dejar de practicar luego de formado un conflicto.<\/p>\n<p>De aqu\u00ed parte el principio de resoluci\u00f3n de conflictos, tratar de mitigar el conflicto creado. Una tarea no muy f\u00e1cil, pero s\u00ed muy necesaria. La resoluci\u00f3n de conflictos abarca desde problemas de mediaci\u00f3n vecinal hasta casos de justicia restaurativa en el \u00e1mbito penal. Como consecuencia, podemos utilizar esta \u00a0valiosa herramienta para moderar una gran gama de conflictos que no necesariamente deben llegar al sistema judicial formal para ser resueltos.<\/p>\n<blockquote><p><strong>Asimismo, es necesario exponer de conocimiento com\u00fan y popular las v\u00edas alternas de resoluci\u00f3n de conflictos en nuestro pa\u00eds. Esto se debe, a que el estancamiento judicial es un problema constate en nuestra realidad jur\u00eddica. <\/strong><\/p><\/blockquote>\n<p>No todos tenemos la paciencia o el tiempo para durar a\u00f1os tratando de resolver un tema que mediante el di\u00e1logo, mediaci\u00f3n, conciliaci\u00f3n o negociaci\u00f3n puede ser resuelto de manera ordenada y r\u00e1pida. De ese modo, haciendo hincapi\u00e9 en que ser\u00e1 una soluci\u00f3n favorable para las partes; ya qu\u00e9 no necesariamente tiene que ser impuesta por un tercero.<\/p>\n<p>De manera que, es maravilloso poder resolver el conflicto de una forma que no perjudique m\u00e1s de lo necesario a los involucrados. Este pensamiento entendemos es muy aplicable a conflictos no complejos que ameritan una soluci\u00f3n r\u00e1pida como son los problemas entre vecinos, los conflictos familiares, en todos sus aspectos, y, hasta los conflictos laborales que muchas veces se resuelven mejor mediante la mediaci\u00f3n y no en el tribunal.<\/p>\n<blockquote><p>Por tanto, podemos utilizar la resoluci\u00f3n de conflictos en casos m\u00e1s complejos. Tales como mediaci\u00f3n penal, negociaci\u00f3n y casos de justicia restaurativa si aplica. En ese sentido, se busca m\u00e1s la conformidad de las partes y la resoluci\u00f3n a largo plazo del conflicto \u00a0creado.<\/p>\n<p><strong>Y es que muchas veces ni siquiera una sentencia, aunque sea favorable, termina de resolver el conflicto. Mucho menos, otorga y garantiza la terminaci\u00f3n del mismo en t\u00e9rminos personales.<\/strong><\/p><\/blockquote>\n<p>Finalmente, las v\u00edas de resoluci\u00f3n alterna de conflictos est\u00e1n a la disposici\u00f3n de todos. Solo basta con tener el inter\u00e9s y conocer de las mismas. Para as\u00ed poder aplicarlas. Y aunque no todos los conflictos se vayan a resolver mediante estas v\u00edas s\u00ed debemos considerarlas antes de adentrarnos al sistema judicial en vista que muchas veces lo hacemos porque pensamos que no existe otra alternativa.<\/p>\n<p>&nbsp;<\/p>\n","protected":false},"excerpt":{"rendered":"<p>La resoluci\u00f3n de conflictos abarca desde problemas de mediaci\u00f3n vecinal hasta casos de justicia restaurativa en el \u00e1mbito<\/p>\n","protected":false},"author":2,"featured_media":3534,"comment_status":"open","ping_status":"open","sticky":false,"template":"","format":"standard","meta":{"footnotes":""},"categories":[17],"tags":[],"class_list":["post-3533","post","type-post","status-publish","format-standard","has-post-thumbnail","hentry","category-opinion"],"yoast_head":"<!-- This site is optimized with the Yoast SEO plugin v27.4 - https:\/\/yoast.com\/product\/yoast-seo-wordpress\/ -->\n<title>El conflicto y las v\u00edas alternas de resoluci\u00f3n - Accionar Pol\u00edtico<\/title>\n<meta name=\"robots\" content=\"index, follow, max-snippet:-1, max-image-preview:large, max-video-preview:-1\" \/>\n<link rel=\"canonical\" href=\"https:\/\/accionarpolitico.com\/?p=3533\" \/>\n<meta property=\"og:locale\" content=\"es_ES\" \/>\n<meta property=\"og:type\" content=\"article\" \/>\n<meta property=\"og:title\" content=\"El conflicto y las v\u00edas alternas de resoluci\u00f3n - Accionar Pol\u00edtico\" \/>\n<meta property=\"og:description\" content=\"La resoluci\u00f3n de conflictos abarca desde problemas de mediaci\u00f3n vecinal hasta casos de justicia restaurativa en el \u00e1mbito\" \/>\n<meta property=\"og:url\" content=\"https:\/\/accionarpolitico.com\/?p=3533\" \/>\n<meta property=\"og:site_name\" content=\"Accionar Pol\u00edtico\" \/>\n<meta property=\"article:published_time\" content=\"2026-04-22T14:35:59+00:00\" \/>\n<meta property=\"og:image\" content=\"https:\/\/accionarpolitico.com\/wp-content\/uploads\/2026\/04\/IMG_0043.jpg\" \/>\n\t<meta property=\"og:image:width\" content=\"1845\" \/>\n\t<meta property=\"og:image:height\" content=\"1845\" \/>\n\t<meta property=\"og:image:type\" content=\"image\/jpeg\" \/>\n<meta name=\"author\" content=\"Accionar Pol\u00edtico\" \/>\n<meta name=\"twitter:card\" content=\"summary_large_image\" \/>\n<meta name=\"twitter:label1\" content=\"Written by\" \/>\n\t<meta name=\"twitter:data1\" content=\"Accionar Pol\u00edtico\" \/>\n\t<meta name=\"twitter:label2\" content=\"Est. reading time\" \/>\n\t<meta name=\"twitter:data2\" content=\"2 minutos\" \/>\n<script type=\"application\/ld+json\" class=\"yoast-schema-graph\">{\"@context\":\"https:\\\/\\\/schema.org\",\"@graph\":[{\"@type\":\"Article\",\"@id\":\"https:\\\/\\\/accionarpolitico.com\\\/?p=3533#article\",\"isPartOf\":{\"@id\":\"https:\\\/\\\/accionarpolitico.com\\\/?p=3533\"},\"author\":{\"name\":\"Accionar Pol\u00edtico\",\"@id\":\"https:\\\/\\\/accionarpolitico.com\\\/#\\\/schema\\\/person\\\/65534a4fff399b93a1ed5789a232f2bd\"},\"headline\":\"El conflicto y las v\u00edas alternas de resoluci\u00f3n\",\"datePublished\":\"2026-04-22T14:35:59+00:00\",\"mainEntityOfPage\":{\"@id\":\"https:\\\/\\\/accionarpolitico.com\\\/?p=3533\"},\"wordCount\":515,\"commentCount\":0,\"publisher\":{\"@id\":\"https:\\\/\\\/accionarpolitico.com\\\/#organization\"},\"image\":{\"@id\":\"https:\\\/\\\/accionarpolitico.com\\\/?p=3533#primaryimage\"},\"thumbnailUrl\":\"https:\\\/\\\/accionarpolitico.com\\\/wp-content\\\/uploads\\\/2026\\\/04\\\/IMG_0043.jpg\",\"articleSection\":[\"Opini\u00f3n\"],\"inLanguage\":\"es-DO\",\"potentialAction\":[{\"@type\":\"CommentAction\",\"name\":\"Comment\",\"target\":[\"https:\\\/\\\/accionarpolitico.com\\\/?p=3533#respond\"]}]},{\"@type\":\"WebPage\",\"@id\":\"https:\\\/\\\/accionarpolitico.com\\\/?p=3533\",\"url\":\"https:\\\/\\\/accionarpolitico.com\\\/?p=3533\",\"name\":\"El conflicto y las v\u00edas alternas de resoluci\u00f3n - Accionar Pol\u00edtico\",\"isPartOf\":{\"@id\":\"https:\\\/\\\/accionarpolitico.com\\\/#website\"},\"primaryImageOfPage\":{\"@id\":\"https:\\\/\\\/accionarpolitico.com\\\/?p=3533#primaryimage\"},\"image\":{\"@id\":\"https:\\\/\\\/accionarpolitico.com\\\/?p=3533#primaryimage\"},\"thumbnailUrl\":\"https:\\\/\\\/accionarpolitico.com\\\/wp-content\\\/uploads\\\/2026\\\/04\\\/IMG_0043.jpg\",\"datePublished\":\"2026-04-22T14:35:59+00:00\",\"breadcrumb\":{\"@id\":\"https:\\\/\\\/accionarpolitico.com\\\/?p=3533#breadcrumb\"},\"inLanguage\":\"es-DO\",\"potentialAction\":[{\"@type\":\"ReadAction\",\"target\":[\"https:\\\/\\\/accionarpolitico.com\\\/?p=3533\"]}]},{\"@type\":\"ImageObject\",\"inLanguage\":\"es-DO\",\"@id\":\"https:\\\/\\\/accionarpolitico.com\\\/?p=3533#primaryimage\",\"url\":\"https:\\\/\\\/accionarpolitico.com\\\/wp-content\\\/uploads\\\/2026\\\/04\\\/IMG_0043.jpg\",\"contentUrl\":\"https:\\\/\\\/accionarpolitico.com\\\/wp-content\\\/uploads\\\/2026\\\/04\\\/IMG_0043.jpg\",\"width\":1845,\"height\":1845,\"caption\":\"Jos\u00e9 Mar\u00eda Imbert Sime\"},{\"@type\":\"BreadcrumbList\",\"@id\":\"https:\\\/\\\/accionarpolitico.com\\\/?p=3533#breadcrumb\",\"itemListElement\":[{\"@type\":\"ListItem\",\"position\":1,\"name\":\"Home\",\"item\":\"https:\\\/\\\/accionarpolitico.com\\\/\"},{\"@type\":\"ListItem\",\"position\":2,\"name\":\"El conflicto y las v\u00edas alternas de resoluci\u00f3n\"}]},{\"@type\":\"WebSite\",\"@id\":\"https:\\\/\\\/accionarpolitico.com\\\/#website\",\"url\":\"https:\\\/\\\/accionarpolitico.com\\\/\",\"name\":\"Accionar Pol\u00edtico\",\"description\":\"\",\"publisher\":{\"@id\":\"https:\\\/\\\/accionarpolitico.com\\\/#organization\"},\"potentialAction\":[{\"@type\":\"SearchAction\",\"target\":{\"@type\":\"EntryPoint\",\"urlTemplate\":\"https:\\\/\\\/accionarpolitico.com\\\/?s={search_term_string}\"},\"query-input\":{\"@type\":\"PropertyValueSpecification\",\"valueRequired\":true,\"valueName\":\"search_term_string\"}}],\"inLanguage\":\"es-DO\"},{\"@type\":\"Organization\",\"@id\":\"https:\\\/\\\/accionarpolitico.com\\\/#organization\",\"name\":\"Accionar Pol\u00edtico\",\"url\":\"https:\\\/\\\/accionarpolitico.com\\\/\",\"logo\":{\"@type\":\"ImageObject\",\"inLanguage\":\"es-DO\",\"@id\":\"https:\\\/\\\/accionarpolitico.com\\\/#\\\/schema\\\/logo\\\/image\\\/\",\"url\":\"https:\\\/\\\/accionarpolitico.com\\\/wp-content\\\/uploads\\\/2025\\\/09\\\/cropped-cropped-cropped-Copia-de-www.accionarpolitico.com-1-e1757590877213.png\",\"contentUrl\":\"https:\\\/\\\/accionarpolitico.com\\\/wp-content\\\/uploads\\\/2025\\\/09\\\/cropped-cropped-cropped-Copia-de-www.accionarpolitico.com-1-e1757590877213.png\",\"width\":520,\"height\":240,\"caption\":\"Accionar Pol\u00edtico\"},\"image\":{\"@id\":\"https:\\\/\\\/accionarpolitico.com\\\/#\\\/schema\\\/logo\\\/image\\\/\"}},{\"@type\":\"Person\",\"@id\":\"https:\\\/\\\/accionarpolitico.com\\\/#\\\/schema\\\/person\\\/65534a4fff399b93a1ed5789a232f2bd\",\"name\":\"Accionar Pol\u00edtico\",\"image\":{\"@type\":\"ImageObject\",\"inLanguage\":\"es-DO\",\"@id\":\"https:\\\/\\\/secure.gravatar.com\\\/avatar\\\/c252f6ef04e8d91bb2e217b3be73f8896894d546e9332093a3b5330e12cedb7f?s=96&d=mm&r=g\",\"url\":\"https:\\\/\\\/secure.gravatar.com\\\/avatar\\\/c252f6ef04e8d91bb2e217b3be73f8896894d546e9332093a3b5330e12cedb7f?s=96&d=mm&r=g\",\"contentUrl\":\"https:\\\/\\\/secure.gravatar.com\\\/avatar\\\/c252f6ef04e8d91bb2e217b3be73f8896894d546e9332093a3b5330e12cedb7f?s=96&d=mm&r=g\",\"caption\":\"Accionar Pol\u00edtico\"},\"description\":\"AccionarPolitico.com es un medio de comunicaci\u00f3n digital dedicado a la edici\u00f3n y difusi\u00f3n de noticias, informaciones, entrevistas y an\u00e1lisis sobre el acontecer pol\u00edtico, econ\u00f3mico y social de la Rep\u00fablica Dominicana. Promovemos la defensa de la democracia, la pluralidad y la libre expresi\u00f3n y difusi\u00f3n del pensamiento, garantizando as\u00ed la permanencia de un estado de derecho en el pa\u00eds. Su Director es Marcos Dominici (accionarpolitico@gmail.com) + 1 809.431.7000 Accionar Pol\u00edtico \\\"Marcando el Rumbo de la Historia\\\".\",\"url\":\"https:\\\/\\\/accionarpolitico.com\\\/?author=2\"}]}<\/script>\n<!-- \/ Yoast SEO plugin. -->","yoast_head_json":{"title":"El conflicto y las v\u00edas alternas de resoluci\u00f3n - Accionar Pol\u00edtico","robots":{"index":"index","follow":"follow","max-snippet":"max-snippet:-1","max-image-preview":"max-image-preview:large","max-video-preview":"max-video-preview:-1"},"canonical":"https:\/\/accionarpolitico.com\/?p=3533","og_locale":"es_ES","og_type":"article","og_title":"El conflicto y las v\u00edas alternas de resoluci\u00f3n - Accionar Pol\u00edtico","og_description":"La resoluci\u00f3n de conflictos abarca desde problemas de mediaci\u00f3n vecinal hasta casos de justicia restaurativa en el \u00e1mbito","og_url":"https:\/\/accionarpolitico.com\/?p=3533","og_site_name":"Accionar Pol\u00edtico","article_published_time":"2026-04-22T14:35:59+00:00","og_image":[{"width":1845,"height":1845,"url":"https:\/\/accionarpolitico.com\/wp-content\/uploads\/2026\/04\/IMG_0043.jpg","type":"image\/jpeg"}],"author":"Accionar Pol\u00edtico","twitter_card":"summary_large_image","twitter_misc":{"Written by":"Accionar Pol\u00edtico","Est. reading time":"2 minutos"},"schema":{"@context":"https:\/\/schema.org","@graph":[{"@type":"Article","@id":"https:\/\/accionarpolitico.com\/?p=3533#article","isPartOf":{"@id":"https:\/\/accionarpolitico.com\/?p=3533"},"author":{"name":"Accionar Pol\u00edtico","@id":"https:\/\/accionarpolitico.com\/#\/schema\/person\/65534a4fff399b93a1ed5789a232f2bd"},"headline":"El conflicto y las v\u00edas alternas de resoluci\u00f3n","datePublished":"2026-04-22T14:35:59+00:00","mainEntityOfPage":{"@id":"https:\/\/accionarpolitico.com\/?p=3533"},"wordCount":515,"commentCount":0,"publisher":{"@id":"https:\/\/accionarpolitico.com\/#organization"},"image":{"@id":"https:\/\/accionarpolitico.com\/?p=3533#primaryimage"},"thumbnailUrl":"https:\/\/accionarpolitico.com\/wp-content\/uploads\/2026\/04\/IMG_0043.jpg","articleSection":["Opini\u00f3n"],"inLanguage":"es-DO","potentialAction":[{"@type":"CommentAction","name":"Comment","target":["https:\/\/accionarpolitico.com\/?p=3533#respond"]}]},{"@type":"WebPage","@id":"https:\/\/accionarpolitico.com\/?p=3533","url":"https:\/\/accionarpolitico.com\/?p=3533","name":"El conflicto y las v\u00edas alternas de resoluci\u00f3n - Accionar Pol\u00edtico","isPartOf":{"@id":"https:\/\/accionarpolitico.com\/#website"},"primaryImageOfPage":{"@id":"https:\/\/accionarpolitico.com\/?p=3533#primaryimage"},"image":{"@id":"https:\/\/accionarpolitico.com\/?p=3533#primaryimage"},"thumbnailUrl":"https:\/\/accionarpolitico.com\/wp-content\/uploads\/2026\/04\/IMG_0043.jpg","datePublished":"2026-04-22T14:35:59+00:00","breadcrumb":{"@id":"https:\/\/accionarpolitico.com\/?p=3533#breadcrumb"},"inLanguage":"es-DO","potentialAction":[{"@type":"ReadAction","target":["https:\/\/accionarpolitico.com\/?p=3533"]}]},{"@type":"ImageObject","inLanguage":"es-DO","@id":"https:\/\/accionarpolitico.com\/?p=3533#primaryimage","url":"https:\/\/accionarpolitico.com\/wp-content\/uploads\/2026\/04\/IMG_0043.jpg","contentUrl":"https:\/\/accionarpolitico.com\/wp-content\/uploads\/2026\/04\/IMG_0043.jpg","width":1845,"height":1845,"caption":"Jos\u00e9 Mar\u00eda Imbert Sime"},{"@type":"BreadcrumbList","@id":"https:\/\/accionarpolitico.com\/?p=3533#breadcrumb","itemListElement":[{"@type":"ListItem","position":1,"name":"Home","item":"https:\/\/accionarpolitico.com\/"},{"@type":"ListItem","position":2,"name":"El conflicto y las v\u00edas alternas de resoluci\u00f3n"}]},{"@type":"WebSite","@id":"https:\/\/accionarpolitico.com\/#website","url":"https:\/\/accionarpolitico.com\/","name":"Accionar Pol\u00edtico","description":"","publisher":{"@id":"https:\/\/accionarpolitico.com\/#organization"},"potentialAction":[{"@type":"SearchAction","target":{"@type":"EntryPoint","urlTemplate":"https:\/\/accionarpolitico.com\/?s={search_term_string}"},"query-input":{"@type":"PropertyValueSpecification","valueRequired":true,"valueName":"search_term_string"}}],"inLanguage":"es-DO"},{"@type":"Organization","@id":"https:\/\/accionarpolitico.com\/#organization","name":"Accionar Pol\u00edtico","url":"https:\/\/accionarpolitico.com\/","logo":{"@type":"ImageObject","inLanguage":"es-DO","@id":"https:\/\/accionarpolitico.com\/#\/schema\/logo\/image\/","url":"https:\/\/accionarpolitico.com\/wp-content\/uploads\/2025\/09\/cropped-cropped-cropped-Copia-de-www.accionarpolitico.com-1-e1757590877213.png","contentUrl":"https:\/\/accionarpolitico.com\/wp-content\/uploads\/2025\/09\/cropped-cropped-cropped-Copia-de-www.accionarpolitico.com-1-e1757590877213.png","width":520,"height":240,"caption":"Accionar Pol\u00edtico"},"image":{"@id":"https:\/\/accionarpolitico.com\/#\/schema\/logo\/image\/"}},{"@type":"Person","@id":"https:\/\/accionarpolitico.com\/#\/schema\/person\/65534a4fff399b93a1ed5789a232f2bd","name":"Accionar Pol\u00edtico","image":{"@type":"ImageObject","inLanguage":"es-DO","@id":"https:\/\/secure.gravatar.com\/avatar\/c252f6ef04e8d91bb2e217b3be73f8896894d546e9332093a3b5330e12cedb7f?s=96&d=mm&r=g","url":"https:\/\/secure.gravatar.com\/avatar\/c252f6ef04e8d91bb2e217b3be73f8896894d546e9332093a3b5330e12cedb7f?s=96&d=mm&r=g","contentUrl":"https:\/\/secure.gravatar.com\/avatar\/c252f6ef04e8d91bb2e217b3be73f8896894d546e9332093a3b5330e12cedb7f?s=96&d=mm&r=g","caption":"Accionar Pol\u00edtico"},"description":"AccionarPolitico.com es un medio de comunicaci\u00f3n digital dedicado a la edici\u00f3n y difusi\u00f3n de noticias, informaciones, entrevistas y an\u00e1lisis sobre el acontecer pol\u00edtico, econ\u00f3mico y social de la Rep\u00fablica Dominicana. Promovemos la defensa de la democracia, la pluralidad y la libre expresi\u00f3n y difusi\u00f3n del pensamiento, garantizando as\u00ed la permanencia de un estado de derecho en el pa\u00eds. Su Director es Marcos Dominici (accionarpolitico@gmail.com) + 1 809.431.7000 Accionar Pol\u00edtico \"Marcando el Rumbo de la Historia\".","url":"https:\/\/accionarpolitico.com\/?author=2"}]}},"_links":{"self":[{"href":"https:\/\/accionarpolitico.com\/index.php?rest_route=\/wp\/v2\/posts\/3533","targetHints":{"allow":["GET"]}}],"collection":[{"href":"https:\/\/accionarpolitico.com\/index.php?rest_route=\/wp\/v2\/posts"}],"about":[{"href":"https:\/\/accionarpolitico.com\/index.php?rest_route=\/wp\/v2\/types\/post"}],"author":[{"embeddable":true,"href":"https:\/\/accionarpolitico.com\/index.php?rest_route=\/wp\/v2\/users\/2"}],"replies":[{"embeddable":true,"href":"https:\/\/accionarpolitico.com\/index.php?rest_route=%2Fwp%2Fv2%2Fcomments&post=3533"}],"version-history":[{"count":1,"href":"https:\/\/accionarpolitico.com\/index.php?rest_route=\/wp\/v2\/posts\/3533\/revisions"}],"predecessor-version":[{"id":3535,"href":"https:\/\/accionarpolitico.com\/index.php?rest_route=\/wp\/v2\/posts\/3533\/revisions\/3535"}],"wp:featuredmedia":[{"embeddable":true,"href":"https:\/\/accionarpolitico.com\/index.php?rest_route=\/wp\/v2\/media\/3534"}],"wp:attachment":[{"href":"https:\/\/accionarpolitico.com\/index.php?rest_route=%2Fwp%2Fv2%2Fmedia&parent=3533"}],"wp:term":[{"taxonomy":"category","embeddable":true,"href":"https:\/\/accionarpolitico.com\/index.php?rest_route=%2Fwp%2Fv2%2Fcategories&post=3533"},{"taxonomy":"post_tag","embeddable":true,"href":"https:\/\/accionarpolitico.com\/index.php?rest_route=%2Fwp%2Fv2%2Ftags&post=3533"}],"curies":[{"name":"wp","href":"https:\/\/api.w.org\/{rel}","templated":true}]}}