{"id":3548,"date":"2026-04-22T14:30:44","date_gmt":"2026-04-22T18:30:44","guid":{"rendered":"https:\/\/accionarpolitico.com\/?p=3548"},"modified":"2026-04-22T14:30:44","modified_gmt":"2026-04-22T18:30:44","slug":"la-embajada-de-los-ee-uu-impulsa-el-emprendimiento-dominicano","status":"publish","type":"post","link":"https:\/\/accionarpolitico.com\/?p=3548","title":{"rendered":"La Embajada de los EE.UU. impulsa el emprendimiento dominicano"},"content":{"rendered":"<h2 class=\"subtitle ps-4 p-0 m-0\">Los becarios dominicanos fueron elegidos tras un riguroso proceso competitivo que evalu\u00f3 a m\u00e1s de 1,690 postulantes de toda la regi\u00f3n<\/h2>\n<p>&nbsp;<\/p>\n<p><strong>Santo Domingo.-\u00a0<\/strong> La Embajada de los Estados Unidos anunci\u00f3 que siete emprendedores dominicanos han sido seleccionados para participar en la edici\u00f3n 2025-2026 de la Iniciativa J\u00f3venes L\u00edderes de las Am\u00e9ricas (YLAI, por sus siglas en ingl\u00e9s), un programa del Departamento de Estado que fortalece el ecosistema empresarial y de negocios en la regi\u00f3n.<\/p>\n<p>Los becarios dominicanos fueron elegidos tras un riguroso proceso competitivo que evalu\u00f3 a m\u00e1s de 1,690 postulantes de toda la regi\u00f3n y representan distintos sectores de la econom\u00eda local como \u00a0Agricultura,\u00a0 Energ\u00eda, \u00a0Log\u00edstica y transporte, cosm\u00e9tica, manufactura, adem\u00e1s del arte artesanal.\u00a0 Este grupo de emprendedores se unir\u00e1n a 2430 j\u00f3venes l\u00edderes provenientes de 37 pa\u00edses de Am\u00e9rica Latina, el Caribe y Canad\u00e1 para una experiencia transformadora de desarrollo empresarial en Estados Unidos teniendo luego la oportunidad de \u00a0llevar \u00a0nuevos conocimientos y conexiones a sus \u00a0comunidades y a aquellas \u00a0 donde sus negocios tienen alg\u00fan \u00a0impacto econ\u00f3mico o social<\/p>\n<p>YLAI combina formaci\u00f3n virtual en liderazgo empresarial con pr\u00e1cticas profesionales de cuatro semanas en distintas ciudades estadounidenses. Los becarios trabajar\u00e1n directamente con empresas y organizaciones sin fines de lucro, enfrentando desaf\u00edos comerciales reales mientras construyen redes profesionales internacionales.<\/p>\n<p>Desde su creaci\u00f3n en 2015, YLAI ha capacitado a 41 emprendedores dominicanos que han llevado conocimientos y conexiones a comunidades como Sabana de la Mar, Boca Chica, Puerto Plata, Santiago, Azua y el Distrito Nacional. Un ejemplo destacado es Walkiria Almonte, becaria YLAI 2024 y fundadora de Caribe Labs, una empresa dominicana especializada en el desarrollo y manufactura de productos cosm\u00e9ticos y de cuidado personal.<\/p>\n<p>Tras su participaci\u00f3n en YLAI, Walkiria expandi\u00f3 su red de contactos internacionales, fortaleci\u00f3 su modelo de negocio y ahora tambi\u00e9n apoya a empresas extranjeras en su establecimiento operativo en Rep\u00fablica Dominicana. Walkiria ha resaltado que YLAI abri\u00f3 puertas que transformaron su visi\u00f3n empresarial, gracias a la oportunidad de aprender nuevas estrategias del modelo de negocios estadounidense y construir alianzas que hoy generan oportunidades concretas.<\/p>\n<p>Con m\u00e1s de mil ex becarios en todo el hemisferio, YLAI ha demostrado ser un catalizador de transformaci\u00f3n econ\u00f3mica. Los participantes han creado alianzas comerciales transfronterizas, expandido sus negocios internacionalmente y desarrollado programas educativos que benefician a comunidades vulnerables. El programa refuerza el compromiso de Estados Unidos con la prosperidad compartida en las Am\u00e9ricas, reconociendo que el emprendimiento juvenil es clave para construir econom\u00edas m\u00e1s din\u00e1micas y competitivas.<\/p>\n<p><strong>Acerca de YLAI<\/strong><\/p>\n<p>La Iniciativa J\u00f3venes L\u00edderes de las Am\u00e9ricas es un programa del Departamento de Estado de EE.UU. que combina formaci\u00f3n t\u00e9cnica en emprendimiento, desarrollo de liderazgo y creaci\u00f3n de redes profesionales internacionales. Desde 2015, ha capacitado a emprendedores de todo el hemisferio occidental, conect\u00e1ndolos con el ecosistema empresarial estadounidense.<\/p>\n","protected":false},"excerpt":{"rendered":"<p>Los becarios dominicanos fueron elegidos tras un riguroso proceso competitivo que evalu\u00f3 a m\u00e1s de 1,690 postulantes de<\/p>\n","protected":false},"author":2,"featured_media":3549,"comment_status":"open","ping_status":"open","sticky":false,"template":"","format":"standard","meta":{"footnotes":""},"categories":[7],"tags":[],"class_list":["post-3548","post","type-post","status-publish","format-standard","has-post-thumbnail","hentry","category-actualidad"],"yoast_head":"<!-- This site is optimized with the Yoast SEO plugin v27.4 - https:\/\/yoast.com\/product\/yoast-seo-wordpress\/ -->\n<title>La Embajada de los EE.UU. impulsa el emprendimiento dominicano - Accionar Pol\u00edtico<\/title>\n<meta name=\"robots\" content=\"index, follow, max-snippet:-1, max-image-preview:large, max-video-preview:-1\" \/>\n<link rel=\"canonical\" href=\"https:\/\/accionarpolitico.com\/?p=3548\" \/>\n<meta property=\"og:locale\" content=\"es_ES\" \/>\n<meta property=\"og:type\" content=\"article\" \/>\n<meta property=\"og:title\" content=\"La Embajada de los EE.UU. impulsa el emprendimiento dominicano - Accionar Pol\u00edtico\" \/>\n<meta property=\"og:description\" content=\"Los becarios dominicanos fueron elegidos tras un riguroso proceso competitivo que evalu\u00f3 a m\u00e1s de 1,690 postulantes de\" \/>\n<meta property=\"og:url\" content=\"https:\/\/accionarpolitico.com\/?p=3548\" \/>\n<meta property=\"og:site_name\" content=\"Accionar Pol\u00edtico\" \/>\n<meta property=\"article:published_time\" content=\"2026-04-22T18:30:44+00:00\" \/>\n<meta property=\"og:image\" content=\"https:\/\/accionarpolitico.com\/wp-content\/uploads\/2026\/04\/Embajada.jpg\" \/>\n\t<meta property=\"og:image:width\" content=\"900\" \/>\n\t<meta property=\"og:image:height\" content=\"600\" \/>\n\t<meta property=\"og:image:type\" content=\"image\/jpeg\" \/>\n<meta name=\"author\" content=\"Accionar Pol\u00edtico\" \/>\n<meta name=\"twitter:card\" content=\"summary_large_image\" \/>\n<meta name=\"twitter:label1\" content=\"Written by\" \/>\n\t<meta name=\"twitter:data1\" content=\"Accionar Pol\u00edtico\" \/>\n\t<meta name=\"twitter:label2\" content=\"Est. reading time\" \/>\n\t<meta name=\"twitter:data2\" content=\"3 minutos\" \/>\n<script type=\"application\/ld+json\" class=\"yoast-schema-graph\">{\"@context\":\"https:\\\/\\\/schema.org\",\"@graph\":[{\"@type\":\"Article\",\"@id\":\"https:\\\/\\\/accionarpolitico.com\\\/?p=3548#article\",\"isPartOf\":{\"@id\":\"https:\\\/\\\/accionarpolitico.com\\\/?p=3548\"},\"author\":{\"name\":\"Accionar Pol\u00edtico\",\"@id\":\"https:\\\/\\\/accionarpolitico.com\\\/#\\\/schema\\\/person\\\/65534a4fff399b93a1ed5789a232f2bd\"},\"headline\":\"La Embajada de los EE.UU. impulsa el emprendimiento dominicano\",\"datePublished\":\"2026-04-22T18:30:44+00:00\",\"mainEntityOfPage\":{\"@id\":\"https:\\\/\\\/accionarpolitico.com\\\/?p=3548\"},\"wordCount\":508,\"commentCount\":0,\"publisher\":{\"@id\":\"https:\\\/\\\/accionarpolitico.com\\\/#organization\"},\"image\":{\"@id\":\"https:\\\/\\\/accionarpolitico.com\\\/?p=3548#primaryimage\"},\"thumbnailUrl\":\"https:\\\/\\\/accionarpolitico.com\\\/wp-content\\\/uploads\\\/2026\\\/04\\\/Embajada.jpg\",\"articleSection\":[\"Actualidad\"],\"inLanguage\":\"es-DO\",\"potentialAction\":[{\"@type\":\"CommentAction\",\"name\":\"Comment\",\"target\":[\"https:\\\/\\\/accionarpolitico.com\\\/?p=3548#respond\"]}]},{\"@type\":\"WebPage\",\"@id\":\"https:\\\/\\\/accionarpolitico.com\\\/?p=3548\",\"url\":\"https:\\\/\\\/accionarpolitico.com\\\/?p=3548\",\"name\":\"La Embajada de los EE.UU. impulsa el emprendimiento dominicano - Accionar Pol\u00edtico\",\"isPartOf\":{\"@id\":\"https:\\\/\\\/accionarpolitico.com\\\/#website\"},\"primaryImageOfPage\":{\"@id\":\"https:\\\/\\\/accionarpolitico.com\\\/?p=3548#primaryimage\"},\"image\":{\"@id\":\"https:\\\/\\\/accionarpolitico.com\\\/?p=3548#primaryimage\"},\"thumbnailUrl\":\"https:\\\/\\\/accionarpolitico.com\\\/wp-content\\\/uploads\\\/2026\\\/04\\\/Embajada.jpg\",\"datePublished\":\"2026-04-22T18:30:44+00:00\",\"breadcrumb\":{\"@id\":\"https:\\\/\\\/accionarpolitico.com\\\/?p=3548#breadcrumb\"},\"inLanguage\":\"es-DO\",\"potentialAction\":[{\"@type\":\"ReadAction\",\"target\":[\"https:\\\/\\\/accionarpolitico.com\\\/?p=3548\"]}]},{\"@type\":\"ImageObject\",\"inLanguage\":\"es-DO\",\"@id\":\"https:\\\/\\\/accionarpolitico.com\\\/?p=3548#primaryimage\",\"url\":\"https:\\\/\\\/accionarpolitico.com\\\/wp-content\\\/uploads\\\/2026\\\/04\\\/Embajada.jpg\",\"contentUrl\":\"https:\\\/\\\/accionarpolitico.com\\\/wp-content\\\/uploads\\\/2026\\\/04\\\/Embajada.jpg\",\"width\":900,\"height\":600,\"caption\":\"Los becarios dominicanos fueron elegidos tras un riguroso proceso competitivo que evalu\u00f3 a m\u00e1s de 1,690 postulantes de toda la regi\u00f3n. (Fuente externa).\"},{\"@type\":\"BreadcrumbList\",\"@id\":\"https:\\\/\\\/accionarpolitico.com\\\/?p=3548#breadcrumb\",\"itemListElement\":[{\"@type\":\"ListItem\",\"position\":1,\"name\":\"Home\",\"item\":\"https:\\\/\\\/accionarpolitico.com\\\/\"},{\"@type\":\"ListItem\",\"position\":2,\"name\":\"La Embajada de los EE.UU. impulsa el emprendimiento dominicano\"}]},{\"@type\":\"WebSite\",\"@id\":\"https:\\\/\\\/accionarpolitico.com\\\/#website\",\"url\":\"https:\\\/\\\/accionarpolitico.com\\\/\",\"name\":\"Accionar Pol\u00edtico\",\"description\":\"\",\"publisher\":{\"@id\":\"https:\\\/\\\/accionarpolitico.com\\\/#organization\"},\"potentialAction\":[{\"@type\":\"SearchAction\",\"target\":{\"@type\":\"EntryPoint\",\"urlTemplate\":\"https:\\\/\\\/accionarpolitico.com\\\/?s={search_term_string}\"},\"query-input\":{\"@type\":\"PropertyValueSpecification\",\"valueRequired\":true,\"valueName\":\"search_term_string\"}}],\"inLanguage\":\"es-DO\"},{\"@type\":\"Organization\",\"@id\":\"https:\\\/\\\/accionarpolitico.com\\\/#organization\",\"name\":\"Accionar Pol\u00edtico\",\"url\":\"https:\\\/\\\/accionarpolitico.com\\\/\",\"logo\":{\"@type\":\"ImageObject\",\"inLanguage\":\"es-DO\",\"@id\":\"https:\\\/\\\/accionarpolitico.com\\\/#\\\/schema\\\/logo\\\/image\\\/\",\"url\":\"https:\\\/\\\/accionarpolitico.com\\\/wp-content\\\/uploads\\\/2025\\\/09\\\/cropped-cropped-cropped-Copia-de-www.accionarpolitico.com-1-e1757590877213.png\",\"contentUrl\":\"https:\\\/\\\/accionarpolitico.com\\\/wp-content\\\/uploads\\\/2025\\\/09\\\/cropped-cropped-cropped-Copia-de-www.accionarpolitico.com-1-e1757590877213.png\",\"width\":520,\"height\":240,\"caption\":\"Accionar Pol\u00edtico\"},\"image\":{\"@id\":\"https:\\\/\\\/accionarpolitico.com\\\/#\\\/schema\\\/logo\\\/image\\\/\"}},{\"@type\":\"Person\",\"@id\":\"https:\\\/\\\/accionarpolitico.com\\\/#\\\/schema\\\/person\\\/65534a4fff399b93a1ed5789a232f2bd\",\"name\":\"Accionar Pol\u00edtico\",\"image\":{\"@type\":\"ImageObject\",\"inLanguage\":\"es-DO\",\"@id\":\"https:\\\/\\\/secure.gravatar.com\\\/avatar\\\/c252f6ef04e8d91bb2e217b3be73f8896894d546e9332093a3b5330e12cedb7f?s=96&d=mm&r=g\",\"url\":\"https:\\\/\\\/secure.gravatar.com\\\/avatar\\\/c252f6ef04e8d91bb2e217b3be73f8896894d546e9332093a3b5330e12cedb7f?s=96&d=mm&r=g\",\"contentUrl\":\"https:\\\/\\\/secure.gravatar.com\\\/avatar\\\/c252f6ef04e8d91bb2e217b3be73f8896894d546e9332093a3b5330e12cedb7f?s=96&d=mm&r=g\",\"caption\":\"Accionar Pol\u00edtico\"},\"description\":\"AccionarPolitico.com es un medio de comunicaci\u00f3n digital dedicado a la edici\u00f3n y difusi\u00f3n de noticias, informaciones, entrevistas y an\u00e1lisis sobre el acontecer pol\u00edtico, econ\u00f3mico y social de la Rep\u00fablica Dominicana. Promovemos la defensa de la democracia, la pluralidad y la libre expresi\u00f3n y difusi\u00f3n del pensamiento, garantizando as\u00ed la permanencia de un estado de derecho en el pa\u00eds. Su Director es Marcos Dominici (accionarpolitico@gmail.com) + 1 809.431.7000 Accionar Pol\u00edtico \\\"Marcando el Rumbo de la Historia\\\".\",\"url\":\"https:\\\/\\\/accionarpolitico.com\\\/?author=2\"}]}<\/script>\n<!-- \/ Yoast SEO plugin. -->","yoast_head_json":{"title":"La Embajada de los EE.UU. impulsa el emprendimiento dominicano - Accionar Pol\u00edtico","robots":{"index":"index","follow":"follow","max-snippet":"max-snippet:-1","max-image-preview":"max-image-preview:large","max-video-preview":"max-video-preview:-1"},"canonical":"https:\/\/accionarpolitico.com\/?p=3548","og_locale":"es_ES","og_type":"article","og_title":"La Embajada de los EE.UU. impulsa el emprendimiento dominicano - Accionar Pol\u00edtico","og_description":"Los becarios dominicanos fueron elegidos tras un riguroso proceso competitivo que evalu\u00f3 a m\u00e1s de 1,690 postulantes de","og_url":"https:\/\/accionarpolitico.com\/?p=3548","og_site_name":"Accionar Pol\u00edtico","article_published_time":"2026-04-22T18:30:44+00:00","og_image":[{"width":900,"height":600,"url":"https:\/\/accionarpolitico.com\/wp-content\/uploads\/2026\/04\/Embajada.jpg","type":"image\/jpeg"}],"author":"Accionar Pol\u00edtico","twitter_card":"summary_large_image","twitter_misc":{"Written by":"Accionar Pol\u00edtico","Est. reading time":"3 minutos"},"schema":{"@context":"https:\/\/schema.org","@graph":[{"@type":"Article","@id":"https:\/\/accionarpolitico.com\/?p=3548#article","isPartOf":{"@id":"https:\/\/accionarpolitico.com\/?p=3548"},"author":{"name":"Accionar Pol\u00edtico","@id":"https:\/\/accionarpolitico.com\/#\/schema\/person\/65534a4fff399b93a1ed5789a232f2bd"},"headline":"La Embajada de los EE.UU. impulsa el emprendimiento dominicano","datePublished":"2026-04-22T18:30:44+00:00","mainEntityOfPage":{"@id":"https:\/\/accionarpolitico.com\/?p=3548"},"wordCount":508,"commentCount":0,"publisher":{"@id":"https:\/\/accionarpolitico.com\/#organization"},"image":{"@id":"https:\/\/accionarpolitico.com\/?p=3548#primaryimage"},"thumbnailUrl":"https:\/\/accionarpolitico.com\/wp-content\/uploads\/2026\/04\/Embajada.jpg","articleSection":["Actualidad"],"inLanguage":"es-DO","potentialAction":[{"@type":"CommentAction","name":"Comment","target":["https:\/\/accionarpolitico.com\/?p=3548#respond"]}]},{"@type":"WebPage","@id":"https:\/\/accionarpolitico.com\/?p=3548","url":"https:\/\/accionarpolitico.com\/?p=3548","name":"La Embajada de los EE.UU. impulsa el emprendimiento dominicano - Accionar Pol\u00edtico","isPartOf":{"@id":"https:\/\/accionarpolitico.com\/#website"},"primaryImageOfPage":{"@id":"https:\/\/accionarpolitico.com\/?p=3548#primaryimage"},"image":{"@id":"https:\/\/accionarpolitico.com\/?p=3548#primaryimage"},"thumbnailUrl":"https:\/\/accionarpolitico.com\/wp-content\/uploads\/2026\/04\/Embajada.jpg","datePublished":"2026-04-22T18:30:44+00:00","breadcrumb":{"@id":"https:\/\/accionarpolitico.com\/?p=3548#breadcrumb"},"inLanguage":"es-DO","potentialAction":[{"@type":"ReadAction","target":["https:\/\/accionarpolitico.com\/?p=3548"]}]},{"@type":"ImageObject","inLanguage":"es-DO","@id":"https:\/\/accionarpolitico.com\/?p=3548#primaryimage","url":"https:\/\/accionarpolitico.com\/wp-content\/uploads\/2026\/04\/Embajada.jpg","contentUrl":"https:\/\/accionarpolitico.com\/wp-content\/uploads\/2026\/04\/Embajada.jpg","width":900,"height":600,"caption":"Los becarios dominicanos fueron elegidos tras un riguroso proceso competitivo que evalu\u00f3 a m\u00e1s de 1,690 postulantes de toda la regi\u00f3n. (Fuente externa)."},{"@type":"BreadcrumbList","@id":"https:\/\/accionarpolitico.com\/?p=3548#breadcrumb","itemListElement":[{"@type":"ListItem","position":1,"name":"Home","item":"https:\/\/accionarpolitico.com\/"},{"@type":"ListItem","position":2,"name":"La Embajada de los EE.UU. impulsa el emprendimiento dominicano"}]},{"@type":"WebSite","@id":"https:\/\/accionarpolitico.com\/#website","url":"https:\/\/accionarpolitico.com\/","name":"Accionar Pol\u00edtico","description":"","publisher":{"@id":"https:\/\/accionarpolitico.com\/#organization"},"potentialAction":[{"@type":"SearchAction","target":{"@type":"EntryPoint","urlTemplate":"https:\/\/accionarpolitico.com\/?s={search_term_string}"},"query-input":{"@type":"PropertyValueSpecification","valueRequired":true,"valueName":"search_term_string"}}],"inLanguage":"es-DO"},{"@type":"Organization","@id":"https:\/\/accionarpolitico.com\/#organization","name":"Accionar Pol\u00edtico","url":"https:\/\/accionarpolitico.com\/","logo":{"@type":"ImageObject","inLanguage":"es-DO","@id":"https:\/\/accionarpolitico.com\/#\/schema\/logo\/image\/","url":"https:\/\/accionarpolitico.com\/wp-content\/uploads\/2025\/09\/cropped-cropped-cropped-Copia-de-www.accionarpolitico.com-1-e1757590877213.png","contentUrl":"https:\/\/accionarpolitico.com\/wp-content\/uploads\/2025\/09\/cropped-cropped-cropped-Copia-de-www.accionarpolitico.com-1-e1757590877213.png","width":520,"height":240,"caption":"Accionar Pol\u00edtico"},"image":{"@id":"https:\/\/accionarpolitico.com\/#\/schema\/logo\/image\/"}},{"@type":"Person","@id":"https:\/\/accionarpolitico.com\/#\/schema\/person\/65534a4fff399b93a1ed5789a232f2bd","name":"Accionar Pol\u00edtico","image":{"@type":"ImageObject","inLanguage":"es-DO","@id":"https:\/\/secure.gravatar.com\/avatar\/c252f6ef04e8d91bb2e217b3be73f8896894d546e9332093a3b5330e12cedb7f?s=96&d=mm&r=g","url":"https:\/\/secure.gravatar.com\/avatar\/c252f6ef04e8d91bb2e217b3be73f8896894d546e9332093a3b5330e12cedb7f?s=96&d=mm&r=g","contentUrl":"https:\/\/secure.gravatar.com\/avatar\/c252f6ef04e8d91bb2e217b3be73f8896894d546e9332093a3b5330e12cedb7f?s=96&d=mm&r=g","caption":"Accionar Pol\u00edtico"},"description":"AccionarPolitico.com es un medio de comunicaci\u00f3n digital dedicado a la edici\u00f3n y difusi\u00f3n de noticias, informaciones, entrevistas y an\u00e1lisis sobre el acontecer pol\u00edtico, econ\u00f3mico y social de la Rep\u00fablica Dominicana. Promovemos la defensa de la democracia, la pluralidad y la libre expresi\u00f3n y difusi\u00f3n del pensamiento, garantizando as\u00ed la permanencia de un estado de derecho en el pa\u00eds. Su Director es Marcos Dominici (accionarpolitico@gmail.com) + 1 809.431.7000 Accionar Pol\u00edtico \"Marcando el Rumbo de la Historia\".","url":"https:\/\/accionarpolitico.com\/?author=2"}]}},"_links":{"self":[{"href":"https:\/\/accionarpolitico.com\/index.php?rest_route=\/wp\/v2\/posts\/3548","targetHints":{"allow":["GET"]}}],"collection":[{"href":"https:\/\/accionarpolitico.com\/index.php?rest_route=\/wp\/v2\/posts"}],"about":[{"href":"https:\/\/accionarpolitico.com\/index.php?rest_route=\/wp\/v2\/types\/post"}],"author":[{"embeddable":true,"href":"https:\/\/accionarpolitico.com\/index.php?rest_route=\/wp\/v2\/users\/2"}],"replies":[{"embeddable":true,"href":"https:\/\/accionarpolitico.com\/index.php?rest_route=%2Fwp%2Fv2%2Fcomments&post=3548"}],"version-history":[{"count":1,"href":"https:\/\/accionarpolitico.com\/index.php?rest_route=\/wp\/v2\/posts\/3548\/revisions"}],"predecessor-version":[{"id":3550,"href":"https:\/\/accionarpolitico.com\/index.php?rest_route=\/wp\/v2\/posts\/3548\/revisions\/3550"}],"wp:featuredmedia":[{"embeddable":true,"href":"https:\/\/accionarpolitico.com\/index.php?rest_route=\/wp\/v2\/media\/3549"}],"wp:attachment":[{"href":"https:\/\/accionarpolitico.com\/index.php?rest_route=%2Fwp%2Fv2%2Fmedia&parent=3548"}],"wp:term":[{"taxonomy":"category","embeddable":true,"href":"https:\/\/accionarpolitico.com\/index.php?rest_route=%2Fwp%2Fv2%2Fcategories&post=3548"},{"taxonomy":"post_tag","embeddable":true,"href":"https:\/\/accionarpolitico.com\/index.php?rest_route=%2Fwp%2Fv2%2Ftags&post=3548"}],"curies":[{"name":"wp","href":"https:\/\/api.w.org\/{rel}","templated":true}]}}