{"id":3561,"date":"2026-04-28T07:48:56","date_gmt":"2026-04-28T11:48:56","guid":{"rendered":"https:\/\/accionarpolitico.com\/?p=3561"},"modified":"2026-04-28T07:48:56","modified_gmt":"2026-04-28T11:48:56","slug":"fuerza-del-pueblo-denuncia-irregularidades-presupuestarias-en-la-alcaldia-de-la-vega","status":"publish","type":"post","link":"https:\/\/accionarpolitico.com\/?p=3561","title":{"rendered":"Fuerza del Pueblo denuncia irregularidades presupuestarias en la Alcald\u00eda de La Vega"},"content":{"rendered":"<h2 class=\"subtitle ps-4 p-0 m-0\">Se\u00f1al\u00f3 que la Alcald\u00eda de La Vega no logr\u00f3 concluir ninguna de las obras correspondientes al a\u00f1o 2025<\/h2>\n<p data-start=\"0\" data-end=\"296\">\n<p data-start=\"0\" data-end=\"296\">LA VEGA.- La direcci\u00f3n municipal de Fuerza del Pueblo cuestion\u00f3 la rendici\u00f3n de cuentas presentada el pasado 24 de abril por la Alcald\u00eda de La Vega, al considerar que el informe no refleja con precisi\u00f3n la situaci\u00f3n real del municipio ni el uso efectivo de los recursos p\u00fablicos.<\/p>\n<p data-start=\"298\" data-end=\"596\">La posici\u00f3n fue fijada durante una comparecencia en la que participaron el miembro de la Direcci\u00f3n Pol\u00edtica, Euclides S\u00e1nchez; el presidente municipal, Miguel Villar; as\u00ed como los regidores Fausto Mota, Fernando S\u00e1nchez y Jeaysson P\u00e9rez, junto a miembros de la Direcci\u00f3n Central de la organizaci\u00f3n.<\/p>\n<p data-start=\"598\" data-end=\"1076\">El discurso principal fue le\u00eddo por el regidor Jeaysson P\u00e9rez, quien indic\u00f3 que, pese a que la Alcald\u00eda de La Vega anunci\u00f3 inversiones superiores a RD$265 millones en obras, los niveles de ejecuci\u00f3n evidencian rezagos importantes. Seg\u00fan los datos presentados, los ingresos municipales en 2025 alcanzaron RD$836.3 millones; sin embargo, cerca del 50 % del presupuesto destinado a infraestructura, equivalente a unos RD$146.9 millones, no fue ejecutado por la Alcald\u00eda de La Vega.<\/p>\n<div id=\"mc_embed_shell\" class=\"border mb-3 boletin-noticias\">\n<div id=\"mc_embed_signup\">\n<form id=\"mc-embedded-subscribe-form\" class=\"validate\" action=\"https:\/\/elnuevodiario.us12.list-manage.com\/subscribe\/post?u=adc4b96bf0fc459309c352607&amp;id=7c6f789feb&amp;f_id=0046bce0f0\" method=\"post\" name=\"mc-embedded-subscribe-form\" novalidate=\"\" target=\"_self\">\n<div id=\"mc_embed_signup_scroll\">\n<div aria-hidden=\"true\">En cuanto al Presupuesto Participativo, los miembros del partido se\u00f1alaron que la Alcald\u00eda de La Vega no logr\u00f3 concluir ninguna de las obras correspondientes al a\u00f1o 2025, a pesar de contar con una asignaci\u00f3n superior a RD$29 millones. Indicaron, adem\u00e1s, que proyectos de 2024 a\u00fan contin\u00faan en proceso, lo que, a su juicio, refleja retrasos en la planificaci\u00f3n y ejecuci\u00f3n.<\/div>\n<\/div>\n<\/form>\n<\/div>\n<\/div>\n<p data-start=\"1452\" data-end=\"1737\">Entre los ejemplos citados figura el sector Los Pomos, donde, seg\u00fan expusieron, de RD$19 millones destinados a drenaje por la Alcald\u00eda de La Vega, se ha ejecutado menos del 20 %, situaci\u00f3n que mantiene a residentes enfrentando problemas de inundaciones y deterioro de infraestructuras.<\/p>\n<p data-start=\"1739\" data-end=\"1881\">Tambi\u00e9n indicaron que m\u00e1s de RD$31 millones fueron destinados a festividades, lo que interpretan como una priorizaci\u00f3n cuestionable del gasto.<\/p>\n<p data-start=\"1883\" data-end=\"2178\">La organizaci\u00f3n tambi\u00e9n hizo referencia a una comunicaci\u00f3n de la Contralor\u00eda Municipal que convoca exclusivamente a regidores del oficialista Partido Revolucionario Moderno a una reuni\u00f3n de trabajo para analizar la ejecuci\u00f3n presupuestaria del primer trimestre de 2025 en la Alcald\u00eda de La Vega.<\/p>\n<p data-start=\"2180\" data-end=\"2460\">De acuerdo con el documento, los denunciantes identifican incumplimientos en los porcentajes establecidos por la Ley 176-07, incluyendo excesos en gastos de personal y servicios municipales, as\u00ed como niveles por debajo de lo requerido en inversi\u00f3n de capital y programas sociales.<\/p>\n<p data-start=\"2462\" data-end=\"2826\">En ese sentido, la Fuerza del Pueblo indic\u00f3 que este documento refleja un contraste entre el discurso presentado p\u00fablicamente por la Alcald\u00eda de La Vega y el reconocimiento interno, dentro del propio oficialismo, de irregularidades en el manejo presupuestario, lo que, a su juicio, plantea interrogantes sobre la coherencia y transparencia de la gesti\u00f3n municipal.<\/p>\n<p data-start=\"2828\" data-end=\"3147\" data-is-last-node=\"\" data-is-only-node=\"\">Bajo consignas de incapacidad, improvisaci\u00f3n y abandono, la Fuerza del Pueblo present\u00f3 estos se\u00f1alamientos como parte de su postura frente a la gesti\u00f3n de la Alcald\u00eda de La Vega, enmarcando sus denuncias en un reclamo por mayor eficiencia, planificaci\u00f3n y transparencia en el uso de los recursos p\u00fablicos del municipio.<\/p>\n","protected":false},"excerpt":{"rendered":"<p>Se\u00f1al\u00f3 que la Alcald\u00eda de La Vega no logr\u00f3 concluir ninguna de las obras correspondientes al a\u00f1o 2025<\/p>\n","protected":false},"author":2,"featured_media":3562,"comment_status":"open","ping_status":"open","sticky":false,"template":"","format":"standard","meta":{"footnotes":""},"categories":[13],"tags":[],"class_list":["post-3561","post","type-post","status-publish","format-standard","has-post-thumbnail","hentry","category-politica"],"yoast_head":"<!-- This site is optimized with the Yoast SEO plugin v27.5 - https:\/\/yoast.com\/product\/yoast-seo-wordpress\/ -->\n<title>Fuerza del Pueblo denuncia irregularidades presupuestarias en la Alcald\u00eda de La Vega - Accionar Pol\u00edtico<\/title>\n<meta name=\"robots\" content=\"index, follow, max-snippet:-1, max-image-preview:large, max-video-preview:-1\" \/>\n<link rel=\"canonical\" href=\"https:\/\/accionarpolitico.com\/?p=3561\" \/>\n<meta property=\"og:locale\" content=\"es_ES\" \/>\n<meta property=\"og:type\" content=\"article\" \/>\n<meta property=\"og:title\" content=\"Fuerza del Pueblo denuncia irregularidades presupuestarias en la Alcald\u00eda de La Vega - Accionar Pol\u00edtico\" \/>\n<meta property=\"og:description\" content=\"Se\u00f1al\u00f3 que la Alcald\u00eda de La Vega no logr\u00f3 concluir ninguna de las obras correspondientes al a\u00f1o 2025\" \/>\n<meta property=\"og:url\" content=\"https:\/\/accionarpolitico.com\/?p=3561\" \/>\n<meta property=\"og:site_name\" content=\"Accionar Pol\u00edtico\" \/>\n<meta property=\"article:published_time\" content=\"2026-04-28T11:48:56+00:00\" \/>\n<meta property=\"og:image\" content=\"https:\/\/accionarpolitico.com\/wp-content\/uploads\/2026\/04\/Fuerza-del-Pueblo-denuncia-irregularidades-presupuestarias-en-la-Alcaldia-de-La-Vega.jpeg\" \/>\n\t<meta property=\"og:image:width\" content=\"1280\" \/>\n\t<meta property=\"og:image:height\" content=\"854\" \/>\n\t<meta property=\"og:image:type\" content=\"image\/jpeg\" \/>\n<meta name=\"author\" content=\"Accionar Pol\u00edtico\" \/>\n<meta name=\"twitter:card\" content=\"summary_large_image\" \/>\n<meta name=\"twitter:label1\" content=\"Written by\" \/>\n\t<meta name=\"twitter:data1\" content=\"Accionar Pol\u00edtico\" \/>\n\t<meta name=\"twitter:label2\" content=\"Est. reading time\" \/>\n\t<meta name=\"twitter:data2\" content=\"3 minutos\" \/>\n<script type=\"application\/ld+json\" class=\"yoast-schema-graph\">{\"@context\":\"https:\\\/\\\/schema.org\",\"@graph\":[{\"@type\":\"Article\",\"@id\":\"https:\\\/\\\/accionarpolitico.com\\\/?p=3561#article\",\"isPartOf\":{\"@id\":\"https:\\\/\\\/accionarpolitico.com\\\/?p=3561\"},\"author\":{\"name\":\"Accionar Pol\u00edtico\",\"@id\":\"https:\\\/\\\/accionarpolitico.com\\\/#\\\/schema\\\/person\\\/65534a4fff399b93a1ed5789a232f2bd\"},\"headline\":\"Fuerza del Pueblo denuncia irregularidades presupuestarias en la Alcald\u00eda de La Vega\",\"datePublished\":\"2026-04-28T11:48:56+00:00\",\"mainEntityOfPage\":{\"@id\":\"https:\\\/\\\/accionarpolitico.com\\\/?p=3561\"},\"wordCount\":556,\"commentCount\":0,\"publisher\":{\"@id\":\"https:\\\/\\\/accionarpolitico.com\\\/#organization\"},\"image\":{\"@id\":\"https:\\\/\\\/accionarpolitico.com\\\/?p=3561#primaryimage\"},\"thumbnailUrl\":\"https:\\\/\\\/accionarpolitico.com\\\/wp-content\\\/uploads\\\/2026\\\/04\\\/Fuerza-del-Pueblo-denuncia-irregularidades-presupuestarias-en-la-Alcaldia-de-La-Vega.jpeg\",\"articleSection\":[\"Pol\u00edtica\"],\"inLanguage\":\"es-DO\",\"potentialAction\":[{\"@type\":\"CommentAction\",\"name\":\"Comment\",\"target\":[\"https:\\\/\\\/accionarpolitico.com\\\/?p=3561#respond\"]}]},{\"@type\":\"WebPage\",\"@id\":\"https:\\\/\\\/accionarpolitico.com\\\/?p=3561\",\"url\":\"https:\\\/\\\/accionarpolitico.com\\\/?p=3561\",\"name\":\"Fuerza del Pueblo denuncia irregularidades presupuestarias en la Alcald\u00eda de La Vega - Accionar Pol\u00edtico\",\"isPartOf\":{\"@id\":\"https:\\\/\\\/accionarpolitico.com\\\/#website\"},\"primaryImageOfPage\":{\"@id\":\"https:\\\/\\\/accionarpolitico.com\\\/?p=3561#primaryimage\"},\"image\":{\"@id\":\"https:\\\/\\\/accionarpolitico.com\\\/?p=3561#primaryimage\"},\"thumbnailUrl\":\"https:\\\/\\\/accionarpolitico.com\\\/wp-content\\\/uploads\\\/2026\\\/04\\\/Fuerza-del-Pueblo-denuncia-irregularidades-presupuestarias-en-la-Alcaldia-de-La-Vega.jpeg\",\"datePublished\":\"2026-04-28T11:48:56+00:00\",\"breadcrumb\":{\"@id\":\"https:\\\/\\\/accionarpolitico.com\\\/?p=3561#breadcrumb\"},\"inLanguage\":\"es-DO\",\"potentialAction\":[{\"@type\":\"ReadAction\",\"target\":[\"https:\\\/\\\/accionarpolitico.com\\\/?p=3561\"]}]},{\"@type\":\"ImageObject\",\"inLanguage\":\"es-DO\",\"@id\":\"https:\\\/\\\/accionarpolitico.com\\\/?p=3561#primaryimage\",\"url\":\"https:\\\/\\\/accionarpolitico.com\\\/wp-content\\\/uploads\\\/2026\\\/04\\\/Fuerza-del-Pueblo-denuncia-irregularidades-presupuestarias-en-la-Alcaldia-de-La-Vega.jpeg\",\"contentUrl\":\"https:\\\/\\\/accionarpolitico.com\\\/wp-content\\\/uploads\\\/2026\\\/04\\\/Fuerza-del-Pueblo-denuncia-irregularidades-presupuestarias-en-la-Alcaldia-de-La-Vega.jpeg\",\"width\":1280,\"height\":854,\"caption\":\"Fuerza del Pueblo denuncia irregularidades presupuestarias en la Alcald\u00eda de La Vega.-\"},{\"@type\":\"BreadcrumbList\",\"@id\":\"https:\\\/\\\/accionarpolitico.com\\\/?p=3561#breadcrumb\",\"itemListElement\":[{\"@type\":\"ListItem\",\"position\":1,\"name\":\"Home\",\"item\":\"https:\\\/\\\/accionarpolitico.com\\\/\"},{\"@type\":\"ListItem\",\"position\":2,\"name\":\"Fuerza del Pueblo denuncia irregularidades presupuestarias en la Alcald\u00eda de La Vega\"}]},{\"@type\":\"WebSite\",\"@id\":\"https:\\\/\\\/accionarpolitico.com\\\/#website\",\"url\":\"https:\\\/\\\/accionarpolitico.com\\\/\",\"name\":\"Accionar Pol\u00edtico\",\"description\":\"\",\"publisher\":{\"@id\":\"https:\\\/\\\/accionarpolitico.com\\\/#organization\"},\"potentialAction\":[{\"@type\":\"SearchAction\",\"target\":{\"@type\":\"EntryPoint\",\"urlTemplate\":\"https:\\\/\\\/accionarpolitico.com\\\/?s={search_term_string}\"},\"query-input\":{\"@type\":\"PropertyValueSpecification\",\"valueRequired\":true,\"valueName\":\"search_term_string\"}}],\"inLanguage\":\"es-DO\"},{\"@type\":\"Organization\",\"@id\":\"https:\\\/\\\/accionarpolitico.com\\\/#organization\",\"name\":\"Accionar Pol\u00edtico\",\"url\":\"https:\\\/\\\/accionarpolitico.com\\\/\",\"logo\":{\"@type\":\"ImageObject\",\"inLanguage\":\"es-DO\",\"@id\":\"https:\\\/\\\/accionarpolitico.com\\\/#\\\/schema\\\/logo\\\/image\\\/\",\"url\":\"https:\\\/\\\/accionarpolitico.com\\\/wp-content\\\/uploads\\\/2025\\\/09\\\/cropped-cropped-cropped-Copia-de-www.accionarpolitico.com-1-e1757590877213.png\",\"contentUrl\":\"https:\\\/\\\/accionarpolitico.com\\\/wp-content\\\/uploads\\\/2025\\\/09\\\/cropped-cropped-cropped-Copia-de-www.accionarpolitico.com-1-e1757590877213.png\",\"width\":520,\"height\":240,\"caption\":\"Accionar Pol\u00edtico\"},\"image\":{\"@id\":\"https:\\\/\\\/accionarpolitico.com\\\/#\\\/schema\\\/logo\\\/image\\\/\"}},{\"@type\":\"Person\",\"@id\":\"https:\\\/\\\/accionarpolitico.com\\\/#\\\/schema\\\/person\\\/65534a4fff399b93a1ed5789a232f2bd\",\"name\":\"Accionar Pol\u00edtico\",\"image\":{\"@type\":\"ImageObject\",\"inLanguage\":\"es-DO\",\"@id\":\"https:\\\/\\\/secure.gravatar.com\\\/avatar\\\/c252f6ef04e8d91bb2e217b3be73f8896894d546e9332093a3b5330e12cedb7f?s=96&d=mm&r=g\",\"url\":\"https:\\\/\\\/secure.gravatar.com\\\/avatar\\\/c252f6ef04e8d91bb2e217b3be73f8896894d546e9332093a3b5330e12cedb7f?s=96&d=mm&r=g\",\"contentUrl\":\"https:\\\/\\\/secure.gravatar.com\\\/avatar\\\/c252f6ef04e8d91bb2e217b3be73f8896894d546e9332093a3b5330e12cedb7f?s=96&d=mm&r=g\",\"caption\":\"Accionar Pol\u00edtico\"},\"description\":\"AccionarPolitico.com es un medio de comunicaci\u00f3n digital dedicado a la edici\u00f3n y difusi\u00f3n de noticias, informaciones, entrevistas y an\u00e1lisis sobre el acontecer pol\u00edtico, econ\u00f3mico y social de la Rep\u00fablica Dominicana. Promovemos la defensa de la democracia, la pluralidad y la libre expresi\u00f3n y difusi\u00f3n del pensamiento, garantizando as\u00ed la permanencia de un estado de derecho en el pa\u00eds. Su Director es Marcos Dominici (accionarpolitico@gmail.com) + 1 809.431.7000 Accionar Pol\u00edtico \\\"Marcando el Rumbo de la Historia\\\".\",\"url\":\"https:\\\/\\\/accionarpolitico.com\\\/?author=2\"}]}<\/script>\n<!-- \/ Yoast SEO plugin. -->","yoast_head_json":{"title":"Fuerza del Pueblo denuncia irregularidades presupuestarias en la Alcald\u00eda de La Vega - Accionar Pol\u00edtico","robots":{"index":"index","follow":"follow","max-snippet":"max-snippet:-1","max-image-preview":"max-image-preview:large","max-video-preview":"max-video-preview:-1"},"canonical":"https:\/\/accionarpolitico.com\/?p=3561","og_locale":"es_ES","og_type":"article","og_title":"Fuerza del Pueblo denuncia irregularidades presupuestarias en la Alcald\u00eda de La Vega - Accionar Pol\u00edtico","og_description":"Se\u00f1al\u00f3 que la Alcald\u00eda de La Vega no logr\u00f3 concluir ninguna de las obras correspondientes al a\u00f1o 2025","og_url":"https:\/\/accionarpolitico.com\/?p=3561","og_site_name":"Accionar Pol\u00edtico","article_published_time":"2026-04-28T11:48:56+00:00","og_image":[{"width":1280,"height":854,"url":"https:\/\/accionarpolitico.com\/wp-content\/uploads\/2026\/04\/Fuerza-del-Pueblo-denuncia-irregularidades-presupuestarias-en-la-Alcaldia-de-La-Vega.jpeg","type":"image\/jpeg"}],"author":"Accionar Pol\u00edtico","twitter_card":"summary_large_image","twitter_misc":{"Written by":"Accionar Pol\u00edtico","Est. reading time":"3 minutos"},"schema":{"@context":"https:\/\/schema.org","@graph":[{"@type":"Article","@id":"https:\/\/accionarpolitico.com\/?p=3561#article","isPartOf":{"@id":"https:\/\/accionarpolitico.com\/?p=3561"},"author":{"name":"Accionar Pol\u00edtico","@id":"https:\/\/accionarpolitico.com\/#\/schema\/person\/65534a4fff399b93a1ed5789a232f2bd"},"headline":"Fuerza del Pueblo denuncia irregularidades presupuestarias en la Alcald\u00eda de La Vega","datePublished":"2026-04-28T11:48:56+00:00","mainEntityOfPage":{"@id":"https:\/\/accionarpolitico.com\/?p=3561"},"wordCount":556,"commentCount":0,"publisher":{"@id":"https:\/\/accionarpolitico.com\/#organization"},"image":{"@id":"https:\/\/accionarpolitico.com\/?p=3561#primaryimage"},"thumbnailUrl":"https:\/\/accionarpolitico.com\/wp-content\/uploads\/2026\/04\/Fuerza-del-Pueblo-denuncia-irregularidades-presupuestarias-en-la-Alcaldia-de-La-Vega.jpeg","articleSection":["Pol\u00edtica"],"inLanguage":"es-DO","potentialAction":[{"@type":"CommentAction","name":"Comment","target":["https:\/\/accionarpolitico.com\/?p=3561#respond"]}]},{"@type":"WebPage","@id":"https:\/\/accionarpolitico.com\/?p=3561","url":"https:\/\/accionarpolitico.com\/?p=3561","name":"Fuerza del Pueblo denuncia irregularidades presupuestarias en la Alcald\u00eda de La Vega - Accionar Pol\u00edtico","isPartOf":{"@id":"https:\/\/accionarpolitico.com\/#website"},"primaryImageOfPage":{"@id":"https:\/\/accionarpolitico.com\/?p=3561#primaryimage"},"image":{"@id":"https:\/\/accionarpolitico.com\/?p=3561#primaryimage"},"thumbnailUrl":"https:\/\/accionarpolitico.com\/wp-content\/uploads\/2026\/04\/Fuerza-del-Pueblo-denuncia-irregularidades-presupuestarias-en-la-Alcaldia-de-La-Vega.jpeg","datePublished":"2026-04-28T11:48:56+00:00","breadcrumb":{"@id":"https:\/\/accionarpolitico.com\/?p=3561#breadcrumb"},"inLanguage":"es-DO","potentialAction":[{"@type":"ReadAction","target":["https:\/\/accionarpolitico.com\/?p=3561"]}]},{"@type":"ImageObject","inLanguage":"es-DO","@id":"https:\/\/accionarpolitico.com\/?p=3561#primaryimage","url":"https:\/\/accionarpolitico.com\/wp-content\/uploads\/2026\/04\/Fuerza-del-Pueblo-denuncia-irregularidades-presupuestarias-en-la-Alcaldia-de-La-Vega.jpeg","contentUrl":"https:\/\/accionarpolitico.com\/wp-content\/uploads\/2026\/04\/Fuerza-del-Pueblo-denuncia-irregularidades-presupuestarias-en-la-Alcaldia-de-La-Vega.jpeg","width":1280,"height":854,"caption":"Fuerza del Pueblo denuncia irregularidades presupuestarias en la Alcald\u00eda de La Vega.-"},{"@type":"BreadcrumbList","@id":"https:\/\/accionarpolitico.com\/?p=3561#breadcrumb","itemListElement":[{"@type":"ListItem","position":1,"name":"Home","item":"https:\/\/accionarpolitico.com\/"},{"@type":"ListItem","position":2,"name":"Fuerza del Pueblo denuncia irregularidades presupuestarias en la Alcald\u00eda de La Vega"}]},{"@type":"WebSite","@id":"https:\/\/accionarpolitico.com\/#website","url":"https:\/\/accionarpolitico.com\/","name":"Accionar Pol\u00edtico","description":"","publisher":{"@id":"https:\/\/accionarpolitico.com\/#organization"},"potentialAction":[{"@type":"SearchAction","target":{"@type":"EntryPoint","urlTemplate":"https:\/\/accionarpolitico.com\/?s={search_term_string}"},"query-input":{"@type":"PropertyValueSpecification","valueRequired":true,"valueName":"search_term_string"}}],"inLanguage":"es-DO"},{"@type":"Organization","@id":"https:\/\/accionarpolitico.com\/#organization","name":"Accionar Pol\u00edtico","url":"https:\/\/accionarpolitico.com\/","logo":{"@type":"ImageObject","inLanguage":"es-DO","@id":"https:\/\/accionarpolitico.com\/#\/schema\/logo\/image\/","url":"https:\/\/accionarpolitico.com\/wp-content\/uploads\/2025\/09\/cropped-cropped-cropped-Copia-de-www.accionarpolitico.com-1-e1757590877213.png","contentUrl":"https:\/\/accionarpolitico.com\/wp-content\/uploads\/2025\/09\/cropped-cropped-cropped-Copia-de-www.accionarpolitico.com-1-e1757590877213.png","width":520,"height":240,"caption":"Accionar Pol\u00edtico"},"image":{"@id":"https:\/\/accionarpolitico.com\/#\/schema\/logo\/image\/"}},{"@type":"Person","@id":"https:\/\/accionarpolitico.com\/#\/schema\/person\/65534a4fff399b93a1ed5789a232f2bd","name":"Accionar Pol\u00edtico","image":{"@type":"ImageObject","inLanguage":"es-DO","@id":"https:\/\/secure.gravatar.com\/avatar\/c252f6ef04e8d91bb2e217b3be73f8896894d546e9332093a3b5330e12cedb7f?s=96&d=mm&r=g","url":"https:\/\/secure.gravatar.com\/avatar\/c252f6ef04e8d91bb2e217b3be73f8896894d546e9332093a3b5330e12cedb7f?s=96&d=mm&r=g","contentUrl":"https:\/\/secure.gravatar.com\/avatar\/c252f6ef04e8d91bb2e217b3be73f8896894d546e9332093a3b5330e12cedb7f?s=96&d=mm&r=g","caption":"Accionar Pol\u00edtico"},"description":"AccionarPolitico.com es un medio de comunicaci\u00f3n digital dedicado a la edici\u00f3n y difusi\u00f3n de noticias, informaciones, entrevistas y an\u00e1lisis sobre el acontecer pol\u00edtico, econ\u00f3mico y social de la Rep\u00fablica Dominicana. Promovemos la defensa de la democracia, la pluralidad y la libre expresi\u00f3n y difusi\u00f3n del pensamiento, garantizando as\u00ed la permanencia de un estado de derecho en el pa\u00eds. Su Director es Marcos Dominici (accionarpolitico@gmail.com) + 1 809.431.7000 Accionar Pol\u00edtico \"Marcando el Rumbo de la Historia\".","url":"https:\/\/accionarpolitico.com\/?author=2"}]}},"_links":{"self":[{"href":"https:\/\/accionarpolitico.com\/index.php?rest_route=\/wp\/v2\/posts\/3561","targetHints":{"allow":["GET"]}}],"collection":[{"href":"https:\/\/accionarpolitico.com\/index.php?rest_route=\/wp\/v2\/posts"}],"about":[{"href":"https:\/\/accionarpolitico.com\/index.php?rest_route=\/wp\/v2\/types\/post"}],"author":[{"embeddable":true,"href":"https:\/\/accionarpolitico.com\/index.php?rest_route=\/wp\/v2\/users\/2"}],"replies":[{"embeddable":true,"href":"https:\/\/accionarpolitico.com\/index.php?rest_route=%2Fwp%2Fv2%2Fcomments&post=3561"}],"version-history":[{"count":1,"href":"https:\/\/accionarpolitico.com\/index.php?rest_route=\/wp\/v2\/posts\/3561\/revisions"}],"predecessor-version":[{"id":3563,"href":"https:\/\/accionarpolitico.com\/index.php?rest_route=\/wp\/v2\/posts\/3561\/revisions\/3563"}],"wp:featuredmedia":[{"embeddable":true,"href":"https:\/\/accionarpolitico.com\/index.php?rest_route=\/wp\/v2\/media\/3562"}],"wp:attachment":[{"href":"https:\/\/accionarpolitico.com\/index.php?rest_route=%2Fwp%2Fv2%2Fmedia&parent=3561"}],"wp:term":[{"taxonomy":"category","embeddable":true,"href":"https:\/\/accionarpolitico.com\/index.php?rest_route=%2Fwp%2Fv2%2Fcategories&post=3561"},{"taxonomy":"post_tag","embeddable":true,"href":"https:\/\/accionarpolitico.com\/index.php?rest_route=%2Fwp%2Fv2%2Ftags&post=3561"}],"curies":[{"name":"wp","href":"https:\/\/api.w.org\/{rel}","templated":true}]}}