{"id":3565,"date":"2026-04-28T07:58:49","date_gmt":"2026-04-28T11:58:49","guid":{"rendered":"https:\/\/accionarpolitico.com\/?p=3565"},"modified":"2026-04-28T07:58:49","modified_gmt":"2026-04-28T11:58:49","slug":"guido-advierte-liderazgos-sin-vision-ni-contenido-son-amenaza-para-el-pais","status":"publish","type":"post","link":"https:\/\/accionarpolitico.com\/?p=3565","title":{"rendered":"Guido advierte liderazgos sin visi\u00f3n ni contenido son amenaza para el pa\u00eds"},"content":{"rendered":"<h2 class=\"subtitle ps-4 p-0 m-0\">El director de Indotel y dirigente del PRM asegura contexto mundial requiere claridad, profundidad y compromiso con las mayor\u00edas<\/h2>\n<p>&nbsp;<\/p>\n<p><strong>Accionar Pol\u00edtico.-<\/strong> En un acto conmemorativo de la guerra de abril de 1965, el director del Instituto Dominicano de las Telecomunicaciones (Indotel) y dirigente del Partido Revolucionario Moderno (PRM), Guido G\u00f3mez Mazara, advirti\u00f3 este domingo que, ante las transformaciones tecnol\u00f3gicas y geopol\u00edticas que afectan al mundo, los liderazgos vac\u00edos, sin visi\u00f3n, preparaci\u00f3n y v\u00ednculos reales con la realidad social son una amenaza para la sociedad y la estabilidad pol\u00edtica.<\/p>\n<p>De acuerdo a un comunicado, en la conferencia \u201cSangre de abril para la cuarta Rep\u00fablica\u201d, organizada por el movimiento Fuerza Comunitaria de Santo Domingo Este, Mazara indic\u00f3 que las luchas de esta \u00e9poca est\u00e1n la defensa de la inclusi\u00f3n social, el orden democr\u00e1tico y la actualizaci\u00f3n tecnol\u00f3gica que no deje a nadie fuera.<\/p>\n<p>Para alcanzar estos objetivos, los liderazgos pol\u00edticos y sociales deben tener claro a qui\u00e9n responden, cu\u00e1les intereses impulsan y cu\u00e1l es el rol de lo p\u00fablico.<\/p>\n<p>Seg\u00fan Mazara, el liderazgo que no tiene claridad de rumbo y de compromisos sociales en momentos como los actuales, solamente puede llegar al Estado a servirse y hacer da\u00f1o a las grandes mayor\u00edas.<\/p>\n<p>Fuerza Comunitaria es una organizaci\u00f3n de l\u00edderes de juntas de vecinos que coordina el dirigente local Manolo Dotel, y desarroll\u00f3 la conferencia en el sal\u00f3n de eventos de la Sociedad Empresarial de Santo Domingo Este, en Alma Rosa.<\/p>\n<p>En la actividad participaron importantes figuras locales como el exalcalde Manuel Jim\u00e9nez; la lideresa social \u00c1ngela Tejada de Rodr\u00edguez; y decenas de presidentes de juntas de vecinos del municipio m\u00e1s poblado del pa\u00eds.<\/p>\n<p>Estas conferencias forman parte de la agenda de trabajo de Fuerza Comunitaria, orientada a fortalecer las capacidades de an\u00e1lisis y trabajo del liderazgo social del territorio.<\/p>\n","protected":false},"excerpt":{"rendered":"<p>El director de Indotel y dirigente del PRM asegura contexto mundial requiere claridad, profundidad y compromiso con las<\/p>\n","protected":false},"author":2,"featured_media":3566,"comment_status":"open","ping_status":"open","sticky":false,"template":"","format":"standard","meta":{"footnotes":""},"categories":[7],"tags":[],"class_list":["post-3565","post","type-post","status-publish","format-standard","has-post-thumbnail","hentry","category-actualidad"],"yoast_head":"<!-- This site is optimized with the Yoast SEO plugin v27.5 - https:\/\/yoast.com\/product\/yoast-seo-wordpress\/ -->\n<title>Guido advierte liderazgos sin visi\u00f3n ni contenido son amenaza para el pa\u00eds - Accionar Pol\u00edtico<\/title>\n<meta name=\"robots\" content=\"index, follow, max-snippet:-1, max-image-preview:large, max-video-preview:-1\" \/>\n<link rel=\"canonical\" href=\"https:\/\/accionarpolitico.com\/?p=3565\" \/>\n<meta property=\"og:locale\" content=\"es_ES\" \/>\n<meta property=\"og:type\" content=\"article\" \/>\n<meta property=\"og:title\" content=\"Guido advierte liderazgos sin visi\u00f3n ni contenido son amenaza para el pa\u00eds - Accionar Pol\u00edtico\" \/>\n<meta property=\"og:description\" content=\"El director de Indotel y dirigente del PRM asegura contexto mundial requiere claridad, profundidad y compromiso con las\" \/>\n<meta property=\"og:url\" content=\"https:\/\/accionarpolitico.com\/?p=3565\" \/>\n<meta property=\"og:site_name\" content=\"Accionar Pol\u00edtico\" \/>\n<meta property=\"article:published_time\" content=\"2026-04-28T11:58:49+00:00\" \/>\n<meta property=\"og:image\" content=\"https:\/\/accionarpolitico.com\/wp-content\/uploads\/2026\/04\/Guido-Gomez-Mazara-Foto-Prensa-Guido-Gomez-Mazara.jpeg\" \/>\n\t<meta property=\"og:image:width\" content=\"2560\" \/>\n\t<meta property=\"og:image:height\" content=\"1706\" \/>\n\t<meta property=\"og:image:type\" content=\"image\/jpeg\" \/>\n<meta name=\"author\" content=\"Accionar Pol\u00edtico\" \/>\n<meta name=\"twitter:card\" content=\"summary_large_image\" \/>\n<meta name=\"twitter:label1\" content=\"Written by\" \/>\n\t<meta name=\"twitter:data1\" content=\"Accionar Pol\u00edtico\" \/>\n\t<meta name=\"twitter:label2\" content=\"Est. reading time\" \/>\n\t<meta name=\"twitter:data2\" content=\"2 minutos\" \/>\n<script type=\"application\/ld+json\" class=\"yoast-schema-graph\">{\"@context\":\"https:\\\/\\\/schema.org\",\"@graph\":[{\"@type\":\"Article\",\"@id\":\"https:\\\/\\\/accionarpolitico.com\\\/?p=3565#article\",\"isPartOf\":{\"@id\":\"https:\\\/\\\/accionarpolitico.com\\\/?p=3565\"},\"author\":{\"name\":\"Accionar Pol\u00edtico\",\"@id\":\"https:\\\/\\\/accionarpolitico.com\\\/#\\\/schema\\\/person\\\/65534a4fff399b93a1ed5789a232f2bd\"},\"headline\":\"Guido advierte liderazgos sin visi\u00f3n ni contenido son amenaza para el pa\u00eds\",\"datePublished\":\"2026-04-28T11:58:49+00:00\",\"mainEntityOfPage\":{\"@id\":\"https:\\\/\\\/accionarpolitico.com\\\/?p=3565\"},\"wordCount\":344,\"commentCount\":0,\"publisher\":{\"@id\":\"https:\\\/\\\/accionarpolitico.com\\\/#organization\"},\"image\":{\"@id\":\"https:\\\/\\\/accionarpolitico.com\\\/?p=3565#primaryimage\"},\"thumbnailUrl\":\"https:\\\/\\\/accionarpolitico.com\\\/wp-content\\\/uploads\\\/2026\\\/04\\\/Guido-Gomez-Mazara-Foto-Prensa-Guido-Gomez-Mazara.jpeg\",\"articleSection\":[\"Actualidad\"],\"inLanguage\":\"es-DO\",\"potentialAction\":[{\"@type\":\"CommentAction\",\"name\":\"Comment\",\"target\":[\"https:\\\/\\\/accionarpolitico.com\\\/?p=3565#respond\"]}]},{\"@type\":\"WebPage\",\"@id\":\"https:\\\/\\\/accionarpolitico.com\\\/?p=3565\",\"url\":\"https:\\\/\\\/accionarpolitico.com\\\/?p=3565\",\"name\":\"Guido advierte liderazgos sin visi\u00f3n ni contenido son amenaza para el pa\u00eds - Accionar Pol\u00edtico\",\"isPartOf\":{\"@id\":\"https:\\\/\\\/accionarpolitico.com\\\/#website\"},\"primaryImageOfPage\":{\"@id\":\"https:\\\/\\\/accionarpolitico.com\\\/?p=3565#primaryimage\"},\"image\":{\"@id\":\"https:\\\/\\\/accionarpolitico.com\\\/?p=3565#primaryimage\"},\"thumbnailUrl\":\"https:\\\/\\\/accionarpolitico.com\\\/wp-content\\\/uploads\\\/2026\\\/04\\\/Guido-Gomez-Mazara-Foto-Prensa-Guido-Gomez-Mazara.jpeg\",\"datePublished\":\"2026-04-28T11:58:49+00:00\",\"breadcrumb\":{\"@id\":\"https:\\\/\\\/accionarpolitico.com\\\/?p=3565#breadcrumb\"},\"inLanguage\":\"es-DO\",\"potentialAction\":[{\"@type\":\"ReadAction\",\"target\":[\"https:\\\/\\\/accionarpolitico.com\\\/?p=3565\"]}]},{\"@type\":\"ImageObject\",\"inLanguage\":\"es-DO\",\"@id\":\"https:\\\/\\\/accionarpolitico.com\\\/?p=3565#primaryimage\",\"url\":\"https:\\\/\\\/accionarpolitico.com\\\/wp-content\\\/uploads\\\/2026\\\/04\\\/Guido-Gomez-Mazara-Foto-Prensa-Guido-Gomez-Mazara.jpeg\",\"contentUrl\":\"https:\\\/\\\/accionarpolitico.com\\\/wp-content\\\/uploads\\\/2026\\\/04\\\/Guido-Gomez-Mazara-Foto-Prensa-Guido-Gomez-Mazara.jpeg\",\"width\":2560,\"height\":1706,\"caption\":\"Guido G\u00f3mez Mazara (Foto: Prensa Guido G\u00f3mez Mazara)\"},{\"@type\":\"BreadcrumbList\",\"@id\":\"https:\\\/\\\/accionarpolitico.com\\\/?p=3565#breadcrumb\",\"itemListElement\":[{\"@type\":\"ListItem\",\"position\":1,\"name\":\"Home\",\"item\":\"https:\\\/\\\/accionarpolitico.com\\\/\"},{\"@type\":\"ListItem\",\"position\":2,\"name\":\"Guido advierte liderazgos sin visi\u00f3n ni contenido son amenaza para el pa\u00eds\"}]},{\"@type\":\"WebSite\",\"@id\":\"https:\\\/\\\/accionarpolitico.com\\\/#website\",\"url\":\"https:\\\/\\\/accionarpolitico.com\\\/\",\"name\":\"Accionar Pol\u00edtico\",\"description\":\"\",\"publisher\":{\"@id\":\"https:\\\/\\\/accionarpolitico.com\\\/#organization\"},\"potentialAction\":[{\"@type\":\"SearchAction\",\"target\":{\"@type\":\"EntryPoint\",\"urlTemplate\":\"https:\\\/\\\/accionarpolitico.com\\\/?s={search_term_string}\"},\"query-input\":{\"@type\":\"PropertyValueSpecification\",\"valueRequired\":true,\"valueName\":\"search_term_string\"}}],\"inLanguage\":\"es-DO\"},{\"@type\":\"Organization\",\"@id\":\"https:\\\/\\\/accionarpolitico.com\\\/#organization\",\"name\":\"Accionar Pol\u00edtico\",\"url\":\"https:\\\/\\\/accionarpolitico.com\\\/\",\"logo\":{\"@type\":\"ImageObject\",\"inLanguage\":\"es-DO\",\"@id\":\"https:\\\/\\\/accionarpolitico.com\\\/#\\\/schema\\\/logo\\\/image\\\/\",\"url\":\"https:\\\/\\\/accionarpolitico.com\\\/wp-content\\\/uploads\\\/2025\\\/09\\\/cropped-cropped-cropped-Copia-de-www.accionarpolitico.com-1-e1757590877213.png\",\"contentUrl\":\"https:\\\/\\\/accionarpolitico.com\\\/wp-content\\\/uploads\\\/2025\\\/09\\\/cropped-cropped-cropped-Copia-de-www.accionarpolitico.com-1-e1757590877213.png\",\"width\":520,\"height\":240,\"caption\":\"Accionar Pol\u00edtico\"},\"image\":{\"@id\":\"https:\\\/\\\/accionarpolitico.com\\\/#\\\/schema\\\/logo\\\/image\\\/\"}},{\"@type\":\"Person\",\"@id\":\"https:\\\/\\\/accionarpolitico.com\\\/#\\\/schema\\\/person\\\/65534a4fff399b93a1ed5789a232f2bd\",\"name\":\"Accionar Pol\u00edtico\",\"image\":{\"@type\":\"ImageObject\",\"inLanguage\":\"es-DO\",\"@id\":\"https:\\\/\\\/secure.gravatar.com\\\/avatar\\\/c252f6ef04e8d91bb2e217b3be73f8896894d546e9332093a3b5330e12cedb7f?s=96&d=mm&r=g\",\"url\":\"https:\\\/\\\/secure.gravatar.com\\\/avatar\\\/c252f6ef04e8d91bb2e217b3be73f8896894d546e9332093a3b5330e12cedb7f?s=96&d=mm&r=g\",\"contentUrl\":\"https:\\\/\\\/secure.gravatar.com\\\/avatar\\\/c252f6ef04e8d91bb2e217b3be73f8896894d546e9332093a3b5330e12cedb7f?s=96&d=mm&r=g\",\"caption\":\"Accionar Pol\u00edtico\"},\"description\":\"AccionarPolitico.com es un medio de comunicaci\u00f3n digital dedicado a la edici\u00f3n y difusi\u00f3n de noticias, informaciones, entrevistas y an\u00e1lisis sobre el acontecer pol\u00edtico, econ\u00f3mico y social de la Rep\u00fablica Dominicana. Promovemos la defensa de la democracia, la pluralidad y la libre expresi\u00f3n y difusi\u00f3n del pensamiento, garantizando as\u00ed la permanencia de un estado de derecho en el pa\u00eds. Su Director es Marcos Dominici (accionarpolitico@gmail.com) + 1 809.431.7000 Accionar Pol\u00edtico \\\"Marcando el Rumbo de la Historia\\\".\",\"url\":\"https:\\\/\\\/accionarpolitico.com\\\/?author=2\"}]}<\/script>\n<!-- \/ Yoast SEO plugin. -->","yoast_head_json":{"title":"Guido advierte liderazgos sin visi\u00f3n ni contenido son amenaza para el pa\u00eds - Accionar Pol\u00edtico","robots":{"index":"index","follow":"follow","max-snippet":"max-snippet:-1","max-image-preview":"max-image-preview:large","max-video-preview":"max-video-preview:-1"},"canonical":"https:\/\/accionarpolitico.com\/?p=3565","og_locale":"es_ES","og_type":"article","og_title":"Guido advierte liderazgos sin visi\u00f3n ni contenido son amenaza para el pa\u00eds - Accionar Pol\u00edtico","og_description":"El director de Indotel y dirigente del PRM asegura contexto mundial requiere claridad, profundidad y compromiso con las","og_url":"https:\/\/accionarpolitico.com\/?p=3565","og_site_name":"Accionar Pol\u00edtico","article_published_time":"2026-04-28T11:58:49+00:00","og_image":[{"width":2560,"height":1706,"url":"https:\/\/accionarpolitico.com\/wp-content\/uploads\/2026\/04\/Guido-Gomez-Mazara-Foto-Prensa-Guido-Gomez-Mazara.jpeg","type":"image\/jpeg"}],"author":"Accionar Pol\u00edtico","twitter_card":"summary_large_image","twitter_misc":{"Written by":"Accionar Pol\u00edtico","Est. reading time":"2 minutos"},"schema":{"@context":"https:\/\/schema.org","@graph":[{"@type":"Article","@id":"https:\/\/accionarpolitico.com\/?p=3565#article","isPartOf":{"@id":"https:\/\/accionarpolitico.com\/?p=3565"},"author":{"name":"Accionar Pol\u00edtico","@id":"https:\/\/accionarpolitico.com\/#\/schema\/person\/65534a4fff399b93a1ed5789a232f2bd"},"headline":"Guido advierte liderazgos sin visi\u00f3n ni contenido son amenaza para el pa\u00eds","datePublished":"2026-04-28T11:58:49+00:00","mainEntityOfPage":{"@id":"https:\/\/accionarpolitico.com\/?p=3565"},"wordCount":344,"commentCount":0,"publisher":{"@id":"https:\/\/accionarpolitico.com\/#organization"},"image":{"@id":"https:\/\/accionarpolitico.com\/?p=3565#primaryimage"},"thumbnailUrl":"https:\/\/accionarpolitico.com\/wp-content\/uploads\/2026\/04\/Guido-Gomez-Mazara-Foto-Prensa-Guido-Gomez-Mazara.jpeg","articleSection":["Actualidad"],"inLanguage":"es-DO","potentialAction":[{"@type":"CommentAction","name":"Comment","target":["https:\/\/accionarpolitico.com\/?p=3565#respond"]}]},{"@type":"WebPage","@id":"https:\/\/accionarpolitico.com\/?p=3565","url":"https:\/\/accionarpolitico.com\/?p=3565","name":"Guido advierte liderazgos sin visi\u00f3n ni contenido son amenaza para el pa\u00eds - Accionar Pol\u00edtico","isPartOf":{"@id":"https:\/\/accionarpolitico.com\/#website"},"primaryImageOfPage":{"@id":"https:\/\/accionarpolitico.com\/?p=3565#primaryimage"},"image":{"@id":"https:\/\/accionarpolitico.com\/?p=3565#primaryimage"},"thumbnailUrl":"https:\/\/accionarpolitico.com\/wp-content\/uploads\/2026\/04\/Guido-Gomez-Mazara-Foto-Prensa-Guido-Gomez-Mazara.jpeg","datePublished":"2026-04-28T11:58:49+00:00","breadcrumb":{"@id":"https:\/\/accionarpolitico.com\/?p=3565#breadcrumb"},"inLanguage":"es-DO","potentialAction":[{"@type":"ReadAction","target":["https:\/\/accionarpolitico.com\/?p=3565"]}]},{"@type":"ImageObject","inLanguage":"es-DO","@id":"https:\/\/accionarpolitico.com\/?p=3565#primaryimage","url":"https:\/\/accionarpolitico.com\/wp-content\/uploads\/2026\/04\/Guido-Gomez-Mazara-Foto-Prensa-Guido-Gomez-Mazara.jpeg","contentUrl":"https:\/\/accionarpolitico.com\/wp-content\/uploads\/2026\/04\/Guido-Gomez-Mazara-Foto-Prensa-Guido-Gomez-Mazara.jpeg","width":2560,"height":1706,"caption":"Guido G\u00f3mez Mazara (Foto: Prensa Guido G\u00f3mez Mazara)"},{"@type":"BreadcrumbList","@id":"https:\/\/accionarpolitico.com\/?p=3565#breadcrumb","itemListElement":[{"@type":"ListItem","position":1,"name":"Home","item":"https:\/\/accionarpolitico.com\/"},{"@type":"ListItem","position":2,"name":"Guido advierte liderazgos sin visi\u00f3n ni contenido son amenaza para el pa\u00eds"}]},{"@type":"WebSite","@id":"https:\/\/accionarpolitico.com\/#website","url":"https:\/\/accionarpolitico.com\/","name":"Accionar Pol\u00edtico","description":"","publisher":{"@id":"https:\/\/accionarpolitico.com\/#organization"},"potentialAction":[{"@type":"SearchAction","target":{"@type":"EntryPoint","urlTemplate":"https:\/\/accionarpolitico.com\/?s={search_term_string}"},"query-input":{"@type":"PropertyValueSpecification","valueRequired":true,"valueName":"search_term_string"}}],"inLanguage":"es-DO"},{"@type":"Organization","@id":"https:\/\/accionarpolitico.com\/#organization","name":"Accionar Pol\u00edtico","url":"https:\/\/accionarpolitico.com\/","logo":{"@type":"ImageObject","inLanguage":"es-DO","@id":"https:\/\/accionarpolitico.com\/#\/schema\/logo\/image\/","url":"https:\/\/accionarpolitico.com\/wp-content\/uploads\/2025\/09\/cropped-cropped-cropped-Copia-de-www.accionarpolitico.com-1-e1757590877213.png","contentUrl":"https:\/\/accionarpolitico.com\/wp-content\/uploads\/2025\/09\/cropped-cropped-cropped-Copia-de-www.accionarpolitico.com-1-e1757590877213.png","width":520,"height":240,"caption":"Accionar Pol\u00edtico"},"image":{"@id":"https:\/\/accionarpolitico.com\/#\/schema\/logo\/image\/"}},{"@type":"Person","@id":"https:\/\/accionarpolitico.com\/#\/schema\/person\/65534a4fff399b93a1ed5789a232f2bd","name":"Accionar Pol\u00edtico","image":{"@type":"ImageObject","inLanguage":"es-DO","@id":"https:\/\/secure.gravatar.com\/avatar\/c252f6ef04e8d91bb2e217b3be73f8896894d546e9332093a3b5330e12cedb7f?s=96&d=mm&r=g","url":"https:\/\/secure.gravatar.com\/avatar\/c252f6ef04e8d91bb2e217b3be73f8896894d546e9332093a3b5330e12cedb7f?s=96&d=mm&r=g","contentUrl":"https:\/\/secure.gravatar.com\/avatar\/c252f6ef04e8d91bb2e217b3be73f8896894d546e9332093a3b5330e12cedb7f?s=96&d=mm&r=g","caption":"Accionar Pol\u00edtico"},"description":"AccionarPolitico.com es un medio de comunicaci\u00f3n digital dedicado a la edici\u00f3n y difusi\u00f3n de noticias, informaciones, entrevistas y an\u00e1lisis sobre el acontecer pol\u00edtico, econ\u00f3mico y social de la Rep\u00fablica Dominicana. Promovemos la defensa de la democracia, la pluralidad y la libre expresi\u00f3n y difusi\u00f3n del pensamiento, garantizando as\u00ed la permanencia de un estado de derecho en el pa\u00eds. Su Director es Marcos Dominici (accionarpolitico@gmail.com) + 1 809.431.7000 Accionar Pol\u00edtico \"Marcando el Rumbo de la Historia\".","url":"https:\/\/accionarpolitico.com\/?author=2"}]}},"_links":{"self":[{"href":"https:\/\/accionarpolitico.com\/index.php?rest_route=\/wp\/v2\/posts\/3565","targetHints":{"allow":["GET"]}}],"collection":[{"href":"https:\/\/accionarpolitico.com\/index.php?rest_route=\/wp\/v2\/posts"}],"about":[{"href":"https:\/\/accionarpolitico.com\/index.php?rest_route=\/wp\/v2\/types\/post"}],"author":[{"embeddable":true,"href":"https:\/\/accionarpolitico.com\/index.php?rest_route=\/wp\/v2\/users\/2"}],"replies":[{"embeddable":true,"href":"https:\/\/accionarpolitico.com\/index.php?rest_route=%2Fwp%2Fv2%2Fcomments&post=3565"}],"version-history":[{"count":1,"href":"https:\/\/accionarpolitico.com\/index.php?rest_route=\/wp\/v2\/posts\/3565\/revisions"}],"predecessor-version":[{"id":3567,"href":"https:\/\/accionarpolitico.com\/index.php?rest_route=\/wp\/v2\/posts\/3565\/revisions\/3567"}],"wp:featuredmedia":[{"embeddable":true,"href":"https:\/\/accionarpolitico.com\/index.php?rest_route=\/wp\/v2\/media\/3566"}],"wp:attachment":[{"href":"https:\/\/accionarpolitico.com\/index.php?rest_route=%2Fwp%2Fv2%2Fmedia&parent=3565"}],"wp:term":[{"taxonomy":"category","embeddable":true,"href":"https:\/\/accionarpolitico.com\/index.php?rest_route=%2Fwp%2Fv2%2Fcategories&post=3565"},{"taxonomy":"post_tag","embeddable":true,"href":"https:\/\/accionarpolitico.com\/index.php?rest_route=%2Fwp%2Fv2%2Ftags&post=3565"}],"curies":[{"name":"wp","href":"https:\/\/api.w.org\/{rel}","templated":true}]}}