{"id":3568,"date":"2026-04-30T07:38:32","date_gmt":"2026-04-30T11:38:32","guid":{"rendered":"https:\/\/accionarpolitico.com\/?p=3568"},"modified":"2026-04-30T07:38:32","modified_gmt":"2026-04-30T11:38:32","slug":"leonel-fernandez-critica-cancelaciones-en-el-sector-agropecuario-y-advierte-deterioro-institucional","status":"publish","type":"post","link":"https:\/\/accionarpolitico.com\/?p=3568","title":{"rendered":"Leonel Fern\u00e1ndez critica cancelaciones en el sector agropecuario y advierte deterioro institucional"},"content":{"rendered":"<h2 class=\"subtitle ps-4 p-0 m-0\">ras recibir informe del sector, Fern\u00e1ndez advierte debilidades estructurales en el campo y propone modernizar la producci\u00f3n con innovaci\u00f3n, financiamiento y asistencia t\u00e9cnica.<\/h2>\n<p data-start=\"268\" data-end=\"634\">\n<p data-start=\"268\" data-end=\"634\"><strong>Accionar Pol\u00edtico.<\/strong>&#8211; El expresidente de la Rep\u00fablica y l\u00edder del partido Fuerza del Pueblo (FP), Leonel Fern\u00e1ndez, critic\u00f3 este mi\u00e9rcoles las cancelaciones de personal t\u00e9cnico en el sector agropecuario, advirtiendo que estas pr\u00e1cticas, a su juicio motivadas por razones pol\u00edticas, han debilitado la capacidad del Estado para ofrecer servicios de calidad.<\/p>\n<p data-start=\"636\" data-end=\"926\">Durante un encuentro con dirigentes agropecuarios de esa organizaci\u00f3n, en el que recibi\u00f3 un informe detallado sobre la situaci\u00f3n actual del campo dominicano y plante\u00f3 la necesidad de una transformaci\u00f3n profunda en los m\u00e9todos de producci\u00f3n nacional con miras al a\u00f1o 2028., Fern\u00e1ndez asegur\u00f3 que la sustituci\u00f3n de profesionales con experiencia por personal sin preparaci\u00f3n afecta directamente la institucionalidad del sector y limita la eficiencia de las pol\u00edticas p\u00fablicas dirigidas al campo.<\/p>\n<p data-start=\"928\" data-end=\"1139\">\u201cCuando llega un nuevo gobierno, cancela a gente con conocimiento, experiencia y compromiso. Eso reduce el papel del Estado, porque los que saben son sustituidos por personas que no dominan esas \u00e1reas\u201d, expres\u00f3.<\/p>\n<p data-start=\"1141\" data-end=\"1474\">La reuni\u00f3n, realizada en la Casa del Pueblo Johnny Ventura, sirvi\u00f3 adem\u00e1s para que representantes de distintas provincias expusieran las principales dificultades que enfrenta el campo dominicano, entre ellas la falta de asistencia t\u00e9cnica, la escasa inversi\u00f3n en infraestructura rural y debilidades en los programas de apoyo estatal.<\/p>\n<p data-start=\"1476\" data-end=\"1656\">En ese contexto, el exmandatario consider\u00f3 necesario replantear los m\u00e9todos de producci\u00f3n nacional y avanzar hacia una transformaci\u00f3n del sector agropecuario con miras al a\u00f1o 2028.<\/p>\n<div class=\"tiled-gallery type-rectangular\" data-original-width=\"640\" data-carousel-extra=\"null\">\n<div class=\"gallery-row\" data-original-width=\"640\" data-original-height=\"428\">\n<div class=\"gallery-group images-1\" data-original-width=\"640\" data-original-height=\"428\">\n<div class=\"tiled-gallery-item tiled-gallery-item-large\"><a href=\"https:\/\/elnuevodiario.com.do\/leonel-fernandez-critica-cancelaciones-en-el-sector-agropecuario-y-advierte-deterioro-institucional\/leonel-se-reune-con-dirigentes-agropecuarios-en-2028-revolucionara-metodos-de-produccion-nacional-2\/\"><img fetchpriority=\"high\" decoding=\"async\" class=\"\" title=\"Leonel se re\u00fane con dirigentes agropecuarios En 2028 revolucionar\u00e1 m\u00e9todos de producci\u00f3n nacional (2)\" src=\"https:\/\/i0.wp.com\/nuevodiario-assets.s3.us-east-2.amazonaws.com\/wp-content\/uploads\/2026\/04\/Leonel-se-reune-con-dirigentes-agropecuarios-En-2028-revolucionara-metodos-de-produccion-nacional-2.jpeg?w=636&amp;h=424&amp;quality=100&amp;ssl=1\" sizes=\"auto\" srcset=\"https:\/\/nuevodiario-assets.s3.us-east-2.amazonaws.com\/wp-content\/uploads\/2026\/04\/Leonel-se-reune-con-dirigentes-agropecuarios-En-2028-revolucionara-metodos-de-produccion-nacional-2.jpeg 1280w, https:\/\/nuevodiario-assets.s3.us-east-2.amazonaws.com\/wp-content\/uploads\/2026\/04\/Leonel-se-reune-con-dirigentes-agropecuarios-En-2028-revolucionara-metodos-de-produccion-nacional-2.jpeg 400w, https:\/\/nuevodiario-assets.s3.us-east-2.amazonaws.com\/wp-content\/uploads\/2026\/04\/Leonel-se-reune-con-dirigentes-agropecuarios-En-2028-revolucionara-metodos-de-produccion-nacional-2.jpeg 800w, https:\/\/nuevodiario-assets.s3.us-east-2.amazonaws.com\/wp-content\/uploads\/2026\/04\/Leonel-se-reune-con-dirigentes-agropecuarios-En-2028-revolucionara-metodos-de-produccion-nacional-2.jpeg 768w, https:\/\/nuevodiario-assets.s3.us-east-2.amazonaws.com\/wp-content\/uploads\/2026\/04\/Leonel-se-reune-con-dirigentes-agropecuarios-En-2028-revolucionara-metodos-de-produccion-nacional-2.jpeg 600w,https:\/\/i0.wp.com\/nuevodiario-assets.s3.us-east-2.amazonaws.com\/wp-content\/uploads\/2026\/04\/Leonel-se-reune-con-dirigentes-agropecuarios-En-2028-revolucionara-metodos-de-produccion-nacional-2.jpeg?w=636&amp;h=424&amp;quality=100&amp;ssl=1&amp;resize=800%2C534&amp;_jb=custom 1910w\" alt=\"Leonel se re\u00fane con dirigentes agropecuarios En 2028 revolucionar\u00e1 m\u00e9todos de producci\u00f3n nacional (2)\" width=\"636\" height=\"424\" data-attachment-id=\"3102326\" data-orig-file=\"https:\/\/nuevodiario-assets.s3.us-east-2.amazonaws.com\/wp-content\/uploads\/2026\/04\/Leonel-se-reune-con-dirigentes-agropecuarios-En-2028-revolucionara-metodos-de-produccion-nacional-2.jpeg\" data-orig-size=\"1280,853\" data-comments-opened=\"\" data-image-meta=\"{&quot;aperture&quot;:&quot;0&quot;,&quot;credit&quot;:&quot;&quot;,&quot;camera&quot;:&quot;&quot;,&quot;caption&quot;:&quot;&quot;,&quot;created_timestamp&quot;:&quot;0&quot;,&quot;copyright&quot;:&quot;&quot;,&quot;focal_length&quot;:&quot;0&quot;,&quot;iso&quot;:&quot;0&quot;,&quot;shutter_speed&quot;:&quot;0&quot;,&quot;title&quot;:&quot;&quot;,&quot;orientation&quot;:&quot;0&quot;}\" data-image-title=\"Leonel se re\u00fane con dirigentes agropecuarios En 2028 revolucionar\u00e1 m\u00e9todos de producci\u00f3n nacional (2)\" data-image-description=\"\" data-medium-file=\"https:\/\/i0.wp.com\/nuevodiario-assets.s3.us-east-2.amazonaws.com\/wp-content\/uploads\/2026\/04\/Leonel-se-reune-con-dirigentes-agropecuarios-En-2028-revolucionara-metodos-de-produccion-nacional-2.jpeg?fit=400%2C267&amp;quality=100&amp;ssl=1\" data-large-file=\"https:\/\/i0.wp.com\/nuevodiario-assets.s3.us-east-2.amazonaws.com\/wp-content\/uploads\/2026\/04\/Leonel-se-reune-con-dirigentes-agropecuarios-En-2028-revolucionara-metodos-de-produccion-nacional-2.jpeg?fit=640%2C426&amp;quality=100&amp;ssl=1\" data-original-width=\"636\" data-original-height=\"424\" \/><\/a><\/div>\n<\/div>\n<\/div>\n<\/div>\n<p>El l\u00edder de la Fuerza del Pueblo insisti\u00f3 en que la capacidad t\u00e9cnica debe ser un criterio fundamental en la gesti\u00f3n p\u00fablica, especialmente en el sector productivo. En ese sentido, advirti\u00f3 sobre las consecuencias de debilitar los programas de extensi\u00f3n agr\u00edcola. \u201cHay que valorar la capacidad, la experiencia de nuestros profesionales en cada \u00e1mbito, y eso fundamentalmente en la parte agr\u00edcola. \u00bfC\u00f3mo poder tener un programa de extensi\u00f3n cuando no hay gente que lo lleve a cabo?\u201d, plante\u00f3.<\/p>\n<p>Fern\u00e1ndez afirm\u00f3 que, tras escuchar a los dirigentes y observar la realidad del interior del pa\u00eds, ha llegado a la conclusi\u00f3n de que el sector agropecuario requiere una transformaci\u00f3n estructural. \u201cYo pienso que, por lo que he escuchado de ustedes y por mis viajes por el interior, que si hay algo que merece una revoluci\u00f3n en la Rep\u00fablica Dominicana es el sector agropecuario\u201d, sostuvo.<\/p>\n<p>Explic\u00f3 que el crecimiento econ\u00f3mico debe sustentarse en la producci\u00f3n nacional. \u201cEl producto interno bruto se va a medir en funci\u00f3n de los bienes y servicios que se producen a nivel nacional. Lo otro se a\u00f1ade, pero lo nuestro tiene que ser eso, y resulta que es la parte m\u00e1s d\u00e9bil de la econom\u00eda dominicana. Por tanto, en la Fuerza del Pueblo entendemos la necesidad de apoyar al sector productivo, que es lo que generar\u00e1 riqueza para nuestro pa\u00eds\u201d, indic\u00f3.<\/p>\n<div class=\"tiled-gallery type-rectangular\" data-original-width=\"640\" data-carousel-extra=\"null\">\n<div class=\"gallery-row\" data-original-width=\"640\" data-original-height=\"428\">\n<div class=\"gallery-group images-1\" data-original-width=\"640\" data-original-height=\"428\">\n<div class=\"tiled-gallery-item tiled-gallery-item-large\"><a href=\"https:\/\/elnuevodiario.com.do\/leonel-fernandez-critica-cancelaciones-en-el-sector-agropecuario-y-advierte-deterioro-institucional\/leonel-se-reune-con-dirigentes-agropecuarios-en-2028-revolucionara-metodos-de-produccion-nacional-1\/\"><img decoding=\"async\" class=\"\" title=\"Leonel se re\u00fane con dirigentes agropecuarios En 2028 revolucionar\u00e1 m\u00e9todos de producci\u00f3n nacional (1)\" src=\"https:\/\/i0.wp.com\/nuevodiario-assets.s3.us-east-2.amazonaws.com\/wp-content\/uploads\/2026\/04\/Leonel-se-reune-con-dirigentes-agropecuarios-En-2028-revolucionara-metodos-de-produccion-nacional-1.jpeg?w=636&amp;h=424&amp;quality=100&amp;ssl=1\" sizes=\"auto\" srcset=\"https:\/\/nuevodiario-assets.s3.us-east-2.amazonaws.com\/wp-content\/uploads\/2026\/04\/Leonel-se-reune-con-dirigentes-agropecuarios-En-2028-revolucionara-metodos-de-produccion-nacional-1.jpeg 1280w, https:\/\/nuevodiario-assets.s3.us-east-2.amazonaws.com\/wp-content\/uploads\/2026\/04\/Leonel-se-reune-con-dirigentes-agropecuarios-En-2028-revolucionara-metodos-de-produccion-nacional-1.jpeg 400w, https:\/\/nuevodiario-assets.s3.us-east-2.amazonaws.com\/wp-content\/uploads\/2026\/04\/Leonel-se-reune-con-dirigentes-agropecuarios-En-2028-revolucionara-metodos-de-produccion-nacional-1.jpeg 800w, https:\/\/nuevodiario-assets.s3.us-east-2.amazonaws.com\/wp-content\/uploads\/2026\/04\/Leonel-se-reune-con-dirigentes-agropecuarios-En-2028-revolucionara-metodos-de-produccion-nacional-1.jpeg 768w, https:\/\/nuevodiario-assets.s3.us-east-2.amazonaws.com\/wp-content\/uploads\/2026\/04\/Leonel-se-reune-con-dirigentes-agropecuarios-En-2028-revolucionara-metodos-de-produccion-nacional-1.jpeg 600w,https:\/\/i0.wp.com\/nuevodiario-assets.s3.us-east-2.amazonaws.com\/wp-content\/uploads\/2026\/04\/Leonel-se-reune-con-dirigentes-agropecuarios-En-2028-revolucionara-metodos-de-produccion-nacional-1.jpeg?w=636&amp;h=424&amp;quality=100&amp;ssl=1&amp;resize=800%2C534&amp;_jb=custom 1910w\" alt=\"Leonel se re\u00fane con dirigentes agropecuarios En 2028 revolucionar\u00e1 m\u00e9todos de producci\u00f3n nacional (1)\" width=\"636\" height=\"424\" data-attachment-id=\"3102328\" data-orig-file=\"https:\/\/nuevodiario-assets.s3.us-east-2.amazonaws.com\/wp-content\/uploads\/2026\/04\/Leonel-se-reune-con-dirigentes-agropecuarios-En-2028-revolucionara-metodos-de-produccion-nacional-1.jpeg\" data-orig-size=\"1280,853\" data-comments-opened=\"\" data-image-meta=\"{&quot;aperture&quot;:&quot;0&quot;,&quot;credit&quot;:&quot;&quot;,&quot;camera&quot;:&quot;&quot;,&quot;caption&quot;:&quot;&quot;,&quot;created_timestamp&quot;:&quot;0&quot;,&quot;copyright&quot;:&quot;&quot;,&quot;focal_length&quot;:&quot;0&quot;,&quot;iso&quot;:&quot;0&quot;,&quot;shutter_speed&quot;:&quot;0&quot;,&quot;title&quot;:&quot;&quot;,&quot;orientation&quot;:&quot;0&quot;}\" data-image-title=\"Leonel se re\u00fane con dirigentes agropecuarios En 2028 revolucionar\u00e1 m\u00e9todos de producci\u00f3n nacional (1)\" data-image-description=\"\" data-medium-file=\"https:\/\/i0.wp.com\/nuevodiario-assets.s3.us-east-2.amazonaws.com\/wp-content\/uploads\/2026\/04\/Leonel-se-reune-con-dirigentes-agropecuarios-En-2028-revolucionara-metodos-de-produccion-nacional-1.jpeg?fit=400%2C267&amp;quality=100&amp;ssl=1\" data-large-file=\"https:\/\/i0.wp.com\/nuevodiario-assets.s3.us-east-2.amazonaws.com\/wp-content\/uploads\/2026\/04\/Leonel-se-reune-con-dirigentes-agropecuarios-En-2028-revolucionara-metodos-de-produccion-nacional-1.jpeg?fit=640%2C426&amp;quality=100&amp;ssl=1\" data-original-width=\"636\" data-original-height=\"424\" \/><\/a><\/div>\n<\/div>\n<\/div>\n<\/div>\n<p>En ese contexto, Fern\u00e1ndez adelant\u00f3 que en la pr\u00f3xima gesti\u00f3n de gobierno bajo su liderazgo la innovaci\u00f3n ser\u00e1 el eje central. \u201cComprendemos que el signo distintivo de nuestra pr\u00f3xima gesti\u00f3n de gobierno ser\u00e1 el tema relativo a la innovaci\u00f3n. Lo que va a tener impacto, con miras hacia el futuro, es c\u00f3mo podemos innovar\u201d, afirm\u00f3.<\/p>\n<p>El expresidente tambi\u00e9n abord\u00f3 el problema hist\u00f3rico de los caminos vecinales, se\u00f1alando que las soluciones tradicionales han sido insuficientes. \u201cYo tengo decenas de a\u00f1os escuchando el tema de los caminos vecinales. Y arreglamos much\u00edsimos caminos vecinales y el tema no termina por desaparecer. Yo pienso que ahora tenemos que abordarlos de otra forma\u201d, expres\u00f3.<\/p>\n<p>A su juicio, el pa\u00eds necesita abandonar los m\u00e9todos convencionales y adoptar enfoques m\u00e1s modernos y eficientes. \u201cTenemos que presentar un programa de gobierno que no sea convencional o tradicional, sino atendiendo a las circunstancias del momento que requieren esa profunda y radical transformaci\u00f3n. No podemos seguir como vamos. Reconozco que el pa\u00eds ha avanzado, pero el m\u00e9todo que utilizamos se ha agotado y es el m\u00e9todo que tenemos que cambiar\u201d, puntualiz\u00f3.<\/p>\n<div class=\"tiled-gallery type-rectangular\" data-original-width=\"640\" data-carousel-extra=\"null\">\n<div class=\"gallery-row\" data-original-width=\"640\" data-original-height=\"428\">\n<div class=\"gallery-group images-1\" data-original-width=\"640\" data-original-height=\"428\">\n<div class=\"tiled-gallery-item tiled-gallery-item-large\"><a href=\"https:\/\/elnuevodiario.com.do\/leonel-fernandez-critica-cancelaciones-en-el-sector-agropecuario-y-advierte-deterioro-institucional\/leonel-se-reune-con-dirigentes-agropecuarios-en-2028-revolucionara-metodos-de-produccion-nacional-4\/\"><img decoding=\"async\" class=\"\" title=\"Leonel se re\u00fane con dirigentes agropecuarios En 2028 revolucionar\u00e1 m\u00e9todos de producci\u00f3n nacional (4)\" src=\"https:\/\/i0.wp.com\/nuevodiario-assets.s3.us-east-2.amazonaws.com\/wp-content\/uploads\/2026\/04\/Leonel-se-reune-con-dirigentes-agropecuarios-En-2028-revolucionara-metodos-de-produccion-nacional-4.jpeg?w=636&amp;h=424&amp;quality=100&amp;ssl=1\" sizes=\"auto\" srcset=\"https:\/\/nuevodiario-assets.s3.us-east-2.amazonaws.com\/wp-content\/uploads\/2026\/04\/Leonel-se-reune-con-dirigentes-agropecuarios-En-2028-revolucionara-metodos-de-produccion-nacional-4.jpeg 1280w, https:\/\/nuevodiario-assets.s3.us-east-2.amazonaws.com\/wp-content\/uploads\/2026\/04\/Leonel-se-reune-con-dirigentes-agropecuarios-En-2028-revolucionara-metodos-de-produccion-nacional-4.jpeg 400w, https:\/\/nuevodiario-assets.s3.us-east-2.amazonaws.com\/wp-content\/uploads\/2026\/04\/Leonel-se-reune-con-dirigentes-agropecuarios-En-2028-revolucionara-metodos-de-produccion-nacional-4.jpeg 800w, https:\/\/nuevodiario-assets.s3.us-east-2.amazonaws.com\/wp-content\/uploads\/2026\/04\/Leonel-se-reune-con-dirigentes-agropecuarios-En-2028-revolucionara-metodos-de-produccion-nacional-4.jpeg 768w, https:\/\/nuevodiario-assets.s3.us-east-2.amazonaws.com\/wp-content\/uploads\/2026\/04\/Leonel-se-reune-con-dirigentes-agropecuarios-En-2028-revolucionara-metodos-de-produccion-nacional-4.jpeg 600w,https:\/\/i0.wp.com\/nuevodiario-assets.s3.us-east-2.amazonaws.com\/wp-content\/uploads\/2026\/04\/Leonel-se-reune-con-dirigentes-agropecuarios-En-2028-revolucionara-metodos-de-produccion-nacional-4.jpeg?w=636&amp;h=424&amp;quality=100&amp;ssl=1&amp;resize=800%2C534&amp;_jb=custom 1910w\" alt=\"Leonel se re\u00fane con dirigentes agropecuarios En 2028 revolucionar\u00e1 m\u00e9todos de producci\u00f3n nacional (4)\" width=\"636\" height=\"424\" data-attachment-id=\"3102331\" data-orig-file=\"https:\/\/nuevodiario-assets.s3.us-east-2.amazonaws.com\/wp-content\/uploads\/2026\/04\/Leonel-se-reune-con-dirigentes-agropecuarios-En-2028-revolucionara-metodos-de-produccion-nacional-4.jpeg\" data-orig-size=\"1280,853\" data-comments-opened=\"\" data-image-meta=\"{&quot;aperture&quot;:&quot;0&quot;,&quot;credit&quot;:&quot;&quot;,&quot;camera&quot;:&quot;&quot;,&quot;caption&quot;:&quot;&quot;,&quot;created_timestamp&quot;:&quot;0&quot;,&quot;copyright&quot;:&quot;&quot;,&quot;focal_length&quot;:&quot;0&quot;,&quot;iso&quot;:&quot;0&quot;,&quot;shutter_speed&quot;:&quot;0&quot;,&quot;title&quot;:&quot;&quot;,&quot;orientation&quot;:&quot;0&quot;}\" data-image-title=\"Leonel se re\u00fane con dirigentes agropecuarios En 2028 revolucionar\u00e1 m\u00e9todos de producci\u00f3n nacional (4)\" data-image-description=\"\" data-medium-file=\"https:\/\/i0.wp.com\/nuevodiario-assets.s3.us-east-2.amazonaws.com\/wp-content\/uploads\/2026\/04\/Leonel-se-reune-con-dirigentes-agropecuarios-En-2028-revolucionara-metodos-de-produccion-nacional-4.jpeg?fit=400%2C267&amp;quality=100&amp;ssl=1\" data-large-file=\"https:\/\/i0.wp.com\/nuevodiario-assets.s3.us-east-2.amazonaws.com\/wp-content\/uploads\/2026\/04\/Leonel-se-reune-con-dirigentes-agropecuarios-En-2028-revolucionara-metodos-de-produccion-nacional-4.jpeg?fit=640%2C426&amp;quality=100&amp;ssl=1\" data-original-width=\"636\" data-original-height=\"424\" \/><\/a><\/div>\n<\/div>\n<\/div>\n<\/div>\n<p>Fern\u00e1ndez vincul\u00f3 directamente la mejora de la productividad con el uso de tecnolog\u00eda y la capacitaci\u00f3n. \u201c\u00bfC\u00f3mo entonces mejoramos productividad? Eso significa aumentar el volumen de producci\u00f3n, reducci\u00f3n de costos. \u00bfY eso qu\u00e9 es? Tecnolog\u00eda. Entonces el gobierno tiene que intervenir directamente, proveyendo las facilidades para que puedan adquirir los equipos necesarios para incrementar la productividad. Y adem\u00e1s, capacitaci\u00f3n, para que esas tecnolog\u00edas se puedan utilizar\u201d, explic\u00f3.<\/p>\n<p>En esa misma l\u00ednea, destac\u00f3 avances internacionales que, seg\u00fan dijo, deben ser evaluados para su implementaci\u00f3n en el pa\u00eds. \u201cYa uno ve en cualquier sitio usando drones para supervisar la producci\u00f3n. He visto incluso fuera del pa\u00eds que usan muchos drones, ya casi no utilizan las avionetas para fumigar. Tambi\u00e9n he visto la producci\u00f3n agr\u00edcola vertical, agricultura de precisi\u00f3n, edificios que producen alimentos. Entonces, hay una transformaci\u00f3n en las formas de producci\u00f3n que tenemos que estudiar y ver c\u00f3mo aplicarla en la Rep\u00fablica Dominicana\u201d, se\u00f1al\u00f3.<\/p>\n<p>El encuentro concluy\u00f3 con el compromiso de seguir profundizando el di\u00e1logo con los distintos actores del sector agropecuario, con el objetivo de construir una propuesta de gobierno enfocada en modernizar la producci\u00f3n, fortalecer la capacidad t\u00e9cnica del Estado y garantizar mayor competitividad para el campo dominicano.<\/p>\n","protected":false},"excerpt":{"rendered":"<p>ras recibir informe del sector, Fern\u00e1ndez advierte debilidades estructurales en el campo y propone modernizar la producci\u00f3n con<\/p>\n","protected":false},"author":2,"featured_media":3569,"comment_status":"open","ping_status":"open","sticky":false,"template":"","format":"standard","meta":{"footnotes":""},"categories":[13],"tags":[],"class_list":["post-3568","post","type-post","status-publish","format-standard","has-post-thumbnail","hentry","category-politica"],"yoast_head":"<!-- This site is optimized with the Yoast SEO plugin v27.5 - https:\/\/yoast.com\/product\/yoast-seo-wordpress\/ -->\n<title>Leonel Fern\u00e1ndez critica cancelaciones en el sector agropecuario y advierte deterioro institucional - Accionar Pol\u00edtico<\/title>\n<meta name=\"robots\" content=\"index, follow, max-snippet:-1, max-image-preview:large, max-video-preview:-1\" \/>\n<link rel=\"canonical\" href=\"https:\/\/accionarpolitico.com\/?p=3568\" \/>\n<meta property=\"og:locale\" content=\"es_ES\" \/>\n<meta property=\"og:type\" content=\"article\" \/>\n<meta property=\"og:title\" content=\"Leonel Fern\u00e1ndez critica cancelaciones en el sector agropecuario y advierte deterioro institucional - Accionar Pol\u00edtico\" \/>\n<meta property=\"og:description\" content=\"ras recibir informe del sector, Fern\u00e1ndez advierte debilidades estructurales en el campo y propone modernizar la producci\u00f3n con\" \/>\n<meta property=\"og:url\" content=\"https:\/\/accionarpolitico.com\/?p=3568\" \/>\n<meta property=\"og:site_name\" content=\"Accionar Pol\u00edtico\" \/>\n<meta property=\"article:published_time\" content=\"2026-04-30T11:38:32+00:00\" \/>\n<meta property=\"og:image\" content=\"https:\/\/accionarpolitico.com\/wp-content\/uploads\/2026\/04\/Leonel-se-reune-con-dirigentes-agropecuarios-En-2028-revolucionara-metodos-de-produccion-nacional-3.jpeg\" \/>\n\t<meta property=\"og:image:width\" content=\"1280\" \/>\n\t<meta property=\"og:image:height\" content=\"853\" \/>\n\t<meta property=\"og:image:type\" content=\"image\/jpeg\" \/>\n<meta name=\"author\" content=\"Accionar Pol\u00edtico\" \/>\n<meta name=\"twitter:card\" content=\"summary_large_image\" \/>\n<meta name=\"twitter:label1\" content=\"Written by\" \/>\n\t<meta name=\"twitter:data1\" content=\"Accionar Pol\u00edtico\" \/>\n\t<meta name=\"twitter:label2\" content=\"Est. reading time\" \/>\n\t<meta name=\"twitter:data2\" content=\"5 minutos\" \/>\n<script type=\"application\/ld+json\" class=\"yoast-schema-graph\">{\"@context\":\"https:\\\/\\\/schema.org\",\"@graph\":[{\"@type\":\"Article\",\"@id\":\"https:\\\/\\\/accionarpolitico.com\\\/?p=3568#article\",\"isPartOf\":{\"@id\":\"https:\\\/\\\/accionarpolitico.com\\\/?p=3568\"},\"author\":{\"name\":\"Accionar Pol\u00edtico\",\"@id\":\"https:\\\/\\\/accionarpolitico.com\\\/#\\\/schema\\\/person\\\/65534a4fff399b93a1ed5789a232f2bd\"},\"headline\":\"Leonel Fern\u00e1ndez critica cancelaciones en el sector agropecuario y advierte deterioro institucional\",\"datePublished\":\"2026-04-30T11:38:32+00:00\",\"mainEntityOfPage\":{\"@id\":\"https:\\\/\\\/accionarpolitico.com\\\/?p=3568\"},\"wordCount\":968,\"commentCount\":0,\"publisher\":{\"@id\":\"https:\\\/\\\/accionarpolitico.com\\\/#organization\"},\"image\":{\"@id\":\"https:\\\/\\\/accionarpolitico.com\\\/?p=3568#primaryimage\"},\"thumbnailUrl\":\"https:\\\/\\\/accionarpolitico.com\\\/wp-content\\\/uploads\\\/2026\\\/04\\\/Leonel-se-reune-con-dirigentes-agropecuarios-En-2028-revolucionara-metodos-de-produccion-nacional-3.jpeg\",\"articleSection\":[\"Pol\u00edtica\"],\"inLanguage\":\"es-DO\",\"potentialAction\":[{\"@type\":\"CommentAction\",\"name\":\"Comment\",\"target\":[\"https:\\\/\\\/accionarpolitico.com\\\/?p=3568#respond\"]}]},{\"@type\":\"WebPage\",\"@id\":\"https:\\\/\\\/accionarpolitico.com\\\/?p=3568\",\"url\":\"https:\\\/\\\/accionarpolitico.com\\\/?p=3568\",\"name\":\"Leonel Fern\u00e1ndez critica cancelaciones en el sector agropecuario y advierte deterioro institucional - Accionar Pol\u00edtico\",\"isPartOf\":{\"@id\":\"https:\\\/\\\/accionarpolitico.com\\\/#website\"},\"primaryImageOfPage\":{\"@id\":\"https:\\\/\\\/accionarpolitico.com\\\/?p=3568#primaryimage\"},\"image\":{\"@id\":\"https:\\\/\\\/accionarpolitico.com\\\/?p=3568#primaryimage\"},\"thumbnailUrl\":\"https:\\\/\\\/accionarpolitico.com\\\/wp-content\\\/uploads\\\/2026\\\/04\\\/Leonel-se-reune-con-dirigentes-agropecuarios-En-2028-revolucionara-metodos-de-produccion-nacional-3.jpeg\",\"datePublished\":\"2026-04-30T11:38:32+00:00\",\"breadcrumb\":{\"@id\":\"https:\\\/\\\/accionarpolitico.com\\\/?p=3568#breadcrumb\"},\"inLanguage\":\"es-DO\",\"potentialAction\":[{\"@type\":\"ReadAction\",\"target\":[\"https:\\\/\\\/accionarpolitico.com\\\/?p=3568\"]}]},{\"@type\":\"ImageObject\",\"inLanguage\":\"es-DO\",\"@id\":\"https:\\\/\\\/accionarpolitico.com\\\/?p=3568#primaryimage\",\"url\":\"https:\\\/\\\/accionarpolitico.com\\\/wp-content\\\/uploads\\\/2026\\\/04\\\/Leonel-se-reune-con-dirigentes-agropecuarios-En-2028-revolucionara-metodos-de-produccion-nacional-3.jpeg\",\"contentUrl\":\"https:\\\/\\\/accionarpolitico.com\\\/wp-content\\\/uploads\\\/2026\\\/04\\\/Leonel-se-reune-con-dirigentes-agropecuarios-En-2028-revolucionara-metodos-de-produccion-nacional-3.jpeg\",\"width\":1280,\"height\":853,\"caption\":\"Presidente de la Fuerza de Pueblo, Leonel Fern\u00e1ndez. (Fuente externa)\"},{\"@type\":\"BreadcrumbList\",\"@id\":\"https:\\\/\\\/accionarpolitico.com\\\/?p=3568#breadcrumb\",\"itemListElement\":[{\"@type\":\"ListItem\",\"position\":1,\"name\":\"Home\",\"item\":\"https:\\\/\\\/accionarpolitico.com\\\/\"},{\"@type\":\"ListItem\",\"position\":2,\"name\":\"Leonel Fern\u00e1ndez critica cancelaciones en el sector agropecuario y advierte deterioro institucional\"}]},{\"@type\":\"WebSite\",\"@id\":\"https:\\\/\\\/accionarpolitico.com\\\/#website\",\"url\":\"https:\\\/\\\/accionarpolitico.com\\\/\",\"name\":\"Accionar Pol\u00edtico\",\"description\":\"\",\"publisher\":{\"@id\":\"https:\\\/\\\/accionarpolitico.com\\\/#organization\"},\"potentialAction\":[{\"@type\":\"SearchAction\",\"target\":{\"@type\":\"EntryPoint\",\"urlTemplate\":\"https:\\\/\\\/accionarpolitico.com\\\/?s={search_term_string}\"},\"query-input\":{\"@type\":\"PropertyValueSpecification\",\"valueRequired\":true,\"valueName\":\"search_term_string\"}}],\"inLanguage\":\"es-DO\"},{\"@type\":\"Organization\",\"@id\":\"https:\\\/\\\/accionarpolitico.com\\\/#organization\",\"name\":\"Accionar Pol\u00edtico\",\"url\":\"https:\\\/\\\/accionarpolitico.com\\\/\",\"logo\":{\"@type\":\"ImageObject\",\"inLanguage\":\"es-DO\",\"@id\":\"https:\\\/\\\/accionarpolitico.com\\\/#\\\/schema\\\/logo\\\/image\\\/\",\"url\":\"https:\\\/\\\/accionarpolitico.com\\\/wp-content\\\/uploads\\\/2025\\\/09\\\/cropped-cropped-cropped-Copia-de-www.accionarpolitico.com-1-e1757590877213.png\",\"contentUrl\":\"https:\\\/\\\/accionarpolitico.com\\\/wp-content\\\/uploads\\\/2025\\\/09\\\/cropped-cropped-cropped-Copia-de-www.accionarpolitico.com-1-e1757590877213.png\",\"width\":520,\"height\":240,\"caption\":\"Accionar Pol\u00edtico\"},\"image\":{\"@id\":\"https:\\\/\\\/accionarpolitico.com\\\/#\\\/schema\\\/logo\\\/image\\\/\"}},{\"@type\":\"Person\",\"@id\":\"https:\\\/\\\/accionarpolitico.com\\\/#\\\/schema\\\/person\\\/65534a4fff399b93a1ed5789a232f2bd\",\"name\":\"Accionar Pol\u00edtico\",\"image\":{\"@type\":\"ImageObject\",\"inLanguage\":\"es-DO\",\"@id\":\"https:\\\/\\\/secure.gravatar.com\\\/avatar\\\/c252f6ef04e8d91bb2e217b3be73f8896894d546e9332093a3b5330e12cedb7f?s=96&d=mm&r=g\",\"url\":\"https:\\\/\\\/secure.gravatar.com\\\/avatar\\\/c252f6ef04e8d91bb2e217b3be73f8896894d546e9332093a3b5330e12cedb7f?s=96&d=mm&r=g\",\"contentUrl\":\"https:\\\/\\\/secure.gravatar.com\\\/avatar\\\/c252f6ef04e8d91bb2e217b3be73f8896894d546e9332093a3b5330e12cedb7f?s=96&d=mm&r=g\",\"caption\":\"Accionar Pol\u00edtico\"},\"description\":\"AccionarPolitico.com es un medio de comunicaci\u00f3n digital dedicado a la edici\u00f3n y difusi\u00f3n de noticias, informaciones, entrevistas y an\u00e1lisis sobre el acontecer pol\u00edtico, econ\u00f3mico y social de la Rep\u00fablica Dominicana. Promovemos la defensa de la democracia, la pluralidad y la libre expresi\u00f3n y difusi\u00f3n del pensamiento, garantizando as\u00ed la permanencia de un estado de derecho en el pa\u00eds. Su Director es Marcos Dominici (accionarpolitico@gmail.com) + 1 809.431.7000 Accionar Pol\u00edtico \\\"Marcando el Rumbo de la Historia\\\".\",\"url\":\"https:\\\/\\\/accionarpolitico.com\\\/?author=2\"}]}<\/script>\n<!-- \/ Yoast SEO plugin. -->","yoast_head_json":{"title":"Leonel Fern\u00e1ndez critica cancelaciones en el sector agropecuario y advierte deterioro institucional - Accionar Pol\u00edtico","robots":{"index":"index","follow":"follow","max-snippet":"max-snippet:-1","max-image-preview":"max-image-preview:large","max-video-preview":"max-video-preview:-1"},"canonical":"https:\/\/accionarpolitico.com\/?p=3568","og_locale":"es_ES","og_type":"article","og_title":"Leonel Fern\u00e1ndez critica cancelaciones en el sector agropecuario y advierte deterioro institucional - Accionar Pol\u00edtico","og_description":"ras recibir informe del sector, Fern\u00e1ndez advierte debilidades estructurales en el campo y propone modernizar la producci\u00f3n con","og_url":"https:\/\/accionarpolitico.com\/?p=3568","og_site_name":"Accionar Pol\u00edtico","article_published_time":"2026-04-30T11:38:32+00:00","og_image":[{"width":1280,"height":853,"url":"https:\/\/accionarpolitico.com\/wp-content\/uploads\/2026\/04\/Leonel-se-reune-con-dirigentes-agropecuarios-En-2028-revolucionara-metodos-de-produccion-nacional-3.jpeg","type":"image\/jpeg"}],"author":"Accionar Pol\u00edtico","twitter_card":"summary_large_image","twitter_misc":{"Written by":"Accionar Pol\u00edtico","Est. reading time":"5 minutos"},"schema":{"@context":"https:\/\/schema.org","@graph":[{"@type":"Article","@id":"https:\/\/accionarpolitico.com\/?p=3568#article","isPartOf":{"@id":"https:\/\/accionarpolitico.com\/?p=3568"},"author":{"name":"Accionar Pol\u00edtico","@id":"https:\/\/accionarpolitico.com\/#\/schema\/person\/65534a4fff399b93a1ed5789a232f2bd"},"headline":"Leonel Fern\u00e1ndez critica cancelaciones en el sector agropecuario y advierte deterioro institucional","datePublished":"2026-04-30T11:38:32+00:00","mainEntityOfPage":{"@id":"https:\/\/accionarpolitico.com\/?p=3568"},"wordCount":968,"commentCount":0,"publisher":{"@id":"https:\/\/accionarpolitico.com\/#organization"},"image":{"@id":"https:\/\/accionarpolitico.com\/?p=3568#primaryimage"},"thumbnailUrl":"https:\/\/accionarpolitico.com\/wp-content\/uploads\/2026\/04\/Leonel-se-reune-con-dirigentes-agropecuarios-En-2028-revolucionara-metodos-de-produccion-nacional-3.jpeg","articleSection":["Pol\u00edtica"],"inLanguage":"es-DO","potentialAction":[{"@type":"CommentAction","name":"Comment","target":["https:\/\/accionarpolitico.com\/?p=3568#respond"]}]},{"@type":"WebPage","@id":"https:\/\/accionarpolitico.com\/?p=3568","url":"https:\/\/accionarpolitico.com\/?p=3568","name":"Leonel Fern\u00e1ndez critica cancelaciones en el sector agropecuario y advierte deterioro institucional - Accionar Pol\u00edtico","isPartOf":{"@id":"https:\/\/accionarpolitico.com\/#website"},"primaryImageOfPage":{"@id":"https:\/\/accionarpolitico.com\/?p=3568#primaryimage"},"image":{"@id":"https:\/\/accionarpolitico.com\/?p=3568#primaryimage"},"thumbnailUrl":"https:\/\/accionarpolitico.com\/wp-content\/uploads\/2026\/04\/Leonel-se-reune-con-dirigentes-agropecuarios-En-2028-revolucionara-metodos-de-produccion-nacional-3.jpeg","datePublished":"2026-04-30T11:38:32+00:00","breadcrumb":{"@id":"https:\/\/accionarpolitico.com\/?p=3568#breadcrumb"},"inLanguage":"es-DO","potentialAction":[{"@type":"ReadAction","target":["https:\/\/accionarpolitico.com\/?p=3568"]}]},{"@type":"ImageObject","inLanguage":"es-DO","@id":"https:\/\/accionarpolitico.com\/?p=3568#primaryimage","url":"https:\/\/accionarpolitico.com\/wp-content\/uploads\/2026\/04\/Leonel-se-reune-con-dirigentes-agropecuarios-En-2028-revolucionara-metodos-de-produccion-nacional-3.jpeg","contentUrl":"https:\/\/accionarpolitico.com\/wp-content\/uploads\/2026\/04\/Leonel-se-reune-con-dirigentes-agropecuarios-En-2028-revolucionara-metodos-de-produccion-nacional-3.jpeg","width":1280,"height":853,"caption":"Presidente de la Fuerza de Pueblo, Leonel Fern\u00e1ndez. (Fuente externa)"},{"@type":"BreadcrumbList","@id":"https:\/\/accionarpolitico.com\/?p=3568#breadcrumb","itemListElement":[{"@type":"ListItem","position":1,"name":"Home","item":"https:\/\/accionarpolitico.com\/"},{"@type":"ListItem","position":2,"name":"Leonel Fern\u00e1ndez critica cancelaciones en el sector agropecuario y advierte deterioro institucional"}]},{"@type":"WebSite","@id":"https:\/\/accionarpolitico.com\/#website","url":"https:\/\/accionarpolitico.com\/","name":"Accionar Pol\u00edtico","description":"","publisher":{"@id":"https:\/\/accionarpolitico.com\/#organization"},"potentialAction":[{"@type":"SearchAction","target":{"@type":"EntryPoint","urlTemplate":"https:\/\/accionarpolitico.com\/?s={search_term_string}"},"query-input":{"@type":"PropertyValueSpecification","valueRequired":true,"valueName":"search_term_string"}}],"inLanguage":"es-DO"},{"@type":"Organization","@id":"https:\/\/accionarpolitico.com\/#organization","name":"Accionar Pol\u00edtico","url":"https:\/\/accionarpolitico.com\/","logo":{"@type":"ImageObject","inLanguage":"es-DO","@id":"https:\/\/accionarpolitico.com\/#\/schema\/logo\/image\/","url":"https:\/\/accionarpolitico.com\/wp-content\/uploads\/2025\/09\/cropped-cropped-cropped-Copia-de-www.accionarpolitico.com-1-e1757590877213.png","contentUrl":"https:\/\/accionarpolitico.com\/wp-content\/uploads\/2025\/09\/cropped-cropped-cropped-Copia-de-www.accionarpolitico.com-1-e1757590877213.png","width":520,"height":240,"caption":"Accionar Pol\u00edtico"},"image":{"@id":"https:\/\/accionarpolitico.com\/#\/schema\/logo\/image\/"}},{"@type":"Person","@id":"https:\/\/accionarpolitico.com\/#\/schema\/person\/65534a4fff399b93a1ed5789a232f2bd","name":"Accionar Pol\u00edtico","image":{"@type":"ImageObject","inLanguage":"es-DO","@id":"https:\/\/secure.gravatar.com\/avatar\/c252f6ef04e8d91bb2e217b3be73f8896894d546e9332093a3b5330e12cedb7f?s=96&d=mm&r=g","url":"https:\/\/secure.gravatar.com\/avatar\/c252f6ef04e8d91bb2e217b3be73f8896894d546e9332093a3b5330e12cedb7f?s=96&d=mm&r=g","contentUrl":"https:\/\/secure.gravatar.com\/avatar\/c252f6ef04e8d91bb2e217b3be73f8896894d546e9332093a3b5330e12cedb7f?s=96&d=mm&r=g","caption":"Accionar Pol\u00edtico"},"description":"AccionarPolitico.com es un medio de comunicaci\u00f3n digital dedicado a la edici\u00f3n y difusi\u00f3n de noticias, informaciones, entrevistas y an\u00e1lisis sobre el acontecer pol\u00edtico, econ\u00f3mico y social de la Rep\u00fablica Dominicana. Promovemos la defensa de la democracia, la pluralidad y la libre expresi\u00f3n y difusi\u00f3n del pensamiento, garantizando as\u00ed la permanencia de un estado de derecho en el pa\u00eds. Su Director es Marcos Dominici (accionarpolitico@gmail.com) + 1 809.431.7000 Accionar Pol\u00edtico \"Marcando el Rumbo de la Historia\".","url":"https:\/\/accionarpolitico.com\/?author=2"}]}},"_links":{"self":[{"href":"https:\/\/accionarpolitico.com\/index.php?rest_route=\/wp\/v2\/posts\/3568","targetHints":{"allow":["GET"]}}],"collection":[{"href":"https:\/\/accionarpolitico.com\/index.php?rest_route=\/wp\/v2\/posts"}],"about":[{"href":"https:\/\/accionarpolitico.com\/index.php?rest_route=\/wp\/v2\/types\/post"}],"author":[{"embeddable":true,"href":"https:\/\/accionarpolitico.com\/index.php?rest_route=\/wp\/v2\/users\/2"}],"replies":[{"embeddable":true,"href":"https:\/\/accionarpolitico.com\/index.php?rest_route=%2Fwp%2Fv2%2Fcomments&post=3568"}],"version-history":[{"count":1,"href":"https:\/\/accionarpolitico.com\/index.php?rest_route=\/wp\/v2\/posts\/3568\/revisions"}],"predecessor-version":[{"id":3570,"href":"https:\/\/accionarpolitico.com\/index.php?rest_route=\/wp\/v2\/posts\/3568\/revisions\/3570"}],"wp:featuredmedia":[{"embeddable":true,"href":"https:\/\/accionarpolitico.com\/index.php?rest_route=\/wp\/v2\/media\/3569"}],"wp:attachment":[{"href":"https:\/\/accionarpolitico.com\/index.php?rest_route=%2Fwp%2Fv2%2Fmedia&parent=3568"}],"wp:term":[{"taxonomy":"category","embeddable":true,"href":"https:\/\/accionarpolitico.com\/index.php?rest_route=%2Fwp%2Fv2%2Fcategories&post=3568"},{"taxonomy":"post_tag","embeddable":true,"href":"https:\/\/accionarpolitico.com\/index.php?rest_route=%2Fwp%2Fv2%2Ftags&post=3568"}],"curies":[{"name":"wp","href":"https:\/\/api.w.org\/{rel}","templated":true}]}}