{"id":3574,"date":"2026-05-01T07:50:26","date_gmt":"2026-05-01T11:50:26","guid":{"rendered":"https:\/\/accionarpolitico.com\/?p=3574"},"modified":"2026-05-01T07:50:26","modified_gmt":"2026-05-01T11:50:26","slug":"bcrd-mantiene-su-tasa-de-politica-monetaria-en-5-25-anual","status":"publish","type":"post","link":"https:\/\/accionarpolitico.com\/?p=3574","title":{"rendered":"BCRD mantiene su tasa de pol\u00edtica monetaria en 5.25 % anual"},"content":{"rendered":"<h2 class=\"subtitle ps-4 p-0 m-0\">En Am\u00e9rica Latina, el crecimiento econ\u00f3mico se mantendr\u00eda moderado, con una expansi\u00f3n promedio de 2.3 % en 2026, seg\u00fan el FMI<\/h2>\n<p>&nbsp;<\/p>\n<p>&nbsp;<\/p>\n<p><strong>Santo Domingo.-<\/strong> El Banco Central de Rep\u00fablica Dominicana (BCRD), en su reuni\u00f3n de pol\u00edtica monetaria de abril de 2026, decidi\u00f3 mantener su tasa de inter\u00e9s de pol\u00edtica monetaria (TPM) en 5.25 % anual.<\/p>\n<p>Asimismo, la tasa de la facilidad permanente de expansi\u00f3n de liquidez (Repos a 1 d\u00eda) permanece en 5.75 % anual, mientras la tasa de dep\u00f3sitos remunerados (Overnight) contin\u00faa en 4.50 % anual.<\/p>\n<p>De acuerdo con un comunicado de prensa, los principales elementos considerados para esta decisi\u00f3n fueron la recuperaci\u00f3n gradual de la econom\u00eda dominicana en el primer trimestre del a\u00f1o y que las expectativas de inflaci\u00f3n permanecen ancladas a la meta.<\/p>\n<p>No obstante, el panorama internacional se mantiene convulso con altos niveles de incertidumbre y aumentos significativos en los precios del petr\u00f3leo y otras materias primas, como consecuencia del conflicto b\u00e9lico en Medio Oriente.<\/p>\n<p>En Estados Unidos de Am\u00e9rica (EUA), se prev\u00e9 un crecimiento econ\u00f3mico de 2.3 % en 2026, de acuerdo con el Fondo Monetario Internacional (FMI). En tanto, la inflaci\u00f3n increment\u00f3 a 3.3 % en marzo ante los mayores precios energ\u00e9ticos, alej\u00e1ndose de la meta de 2.0 %.<\/p>\n<p>Ante este panorama, la Reserva Federal (Fed) mantuvo su tasa de inter\u00e9s de pol\u00edtica monetaria en el rango de 3.50 \u2013 3.75 % en su reuni\u00f3n de abril, a la vez que se han postergado las expectativas de los analistas del mercado sobre posibles reducciones de tasas de inter\u00e9s para el resto del a\u00f1o.<\/p>\n<figure id=\"attachment_3103406\" class=\"wp-caption aligncenter\" aria-describedby=\"caption-attachment-3103406\"><img fetchpriority=\"high\" decoding=\"async\" class=\"size-full wp-image-3103406 not-transparent\" src=\"https:\/\/i0.wp.com\/nuevodiario-assets.s3.us-east-2.amazonaws.com\/wp-content\/uploads\/2026\/04\/Tasas-de-politica-monetaria.jpeg?resize=640%2C266&amp;quality=100&amp;ssl=1\" sizes=\"(max-width: 640px) 100vw, 640px\" srcset=\"https:\/\/nuevodiario-assets.s3.us-east-2.amazonaws.com\/wp-content\/uploads\/2026\/04\/Tasas-de-politica-monetaria.jpeg 1569w, https:\/\/nuevodiario-assets.s3.us-east-2.amazonaws.com\/wp-content\/uploads\/2026\/04\/Tasas-de-politica-monetaria.jpeg 400w, https:\/\/nuevodiario-assets.s3.us-east-2.amazonaws.com\/wp-content\/uploads\/2026\/04\/Tasas-de-politica-monetaria.jpeg 800w, https:\/\/nuevodiario-assets.s3.us-east-2.amazonaws.com\/wp-content\/uploads\/2026\/04\/Tasas-de-politica-monetaria.jpeg 768w, https:\/\/nuevodiario-assets.s3.us-east-2.amazonaws.com\/wp-content\/uploads\/2026\/04\/Tasas-de-politica-monetaria.jpeg 1536w, https:\/\/nuevodiario-assets.s3.us-east-2.amazonaws.com\/wp-content\/uploads\/2026\/04\/Tasas-de-politica-monetaria.jpeg 600w, https:\/\/nuevodiario-assets.s3.us-east-2.amazonaws.com\/wp-content\/uploads\/2026\/04\/Tasas-de-politica-monetaria.jpeg 1280w\" alt=\"\" width=\"640\" height=\"266\" data-recalc-dims=\"1\" data-dominant-color=\"dfe1e8\" data-has-transparency=\"false\" \/><figcaption id=\"caption-attachment-3103406\" class=\"wp-caption-text\">Tasas de pol\u00edtica monetaria (Foto: Prensa BCRD)<\/figcaption><\/figure>\n<p>En la Zona Euro, la actividad econ\u00f3mica se desacelera hasta 1.1 % en 2026 de acuerdo con el FMI, afectada por el conflicto b\u00e9lico. En tanto, la inflaci\u00f3n interanual aument\u00f3 a 3.0 % en abril por el incremento del componente de energ\u00eda, ubic\u00e1ndose por encima de la meta de 2.0 %.<\/p>\n<p>El Banco Central Europeo mantuvo sin cambios su tasa de pol\u00edtica monetaria en abril y los analistas del mercado prev\u00e9n incrementos en el segundo semestre del a\u00f1o.<\/p>\n<p>En Am\u00e9rica Latina (AL), el crecimiento econ\u00f3mico se mantendr\u00eda moderado, con una expansi\u00f3n promedio de 2.3 % en 2026, seg\u00fan el FMI.<\/p>\n<p>En tanto, los mayores precios del petr\u00f3leo han generado presiones inflacionarias importantes en los pa\u00edses de la regi\u00f3n, lo que ha provocado que la inflaci\u00f3n se ubique por encima de la meta en varias de las econom\u00edas de mayor tama\u00f1o. En ese contexto, la mayor\u00eda de los bancos centrales de AL han decidido mantener sin cambios sus tasas de pol\u00edtica monetaria en sus \u00faltimas reuniones.<\/p>\n<p>Respecto a las materias primas, el precio por barril del petr\u00f3leo intermedio de Texas (WTI) se ha incrementado durante abril, ubic\u00e1ndose por encima de US$100 al cierre de mes, como consecuencia de la reducci\u00f3n de la oferta del crudo. Mientras, el precio del oro se situ\u00f3 en torno a US$4,600 por onza troy al cierre de abril, en un entorno internacional vol\u00e1til.<\/p>\n<p>En el \u00e1mbito nacional, la inflaci\u00f3n interanual se moder\u00f3 hasta 4.63 % en el mes de marzo, permaneciendo dentro del rango meta de 4.0 % \u00b1 1.0 %, conforme se han normalizado las condiciones de oferta de los alimentos, luego de los fen\u00f3menos clim\u00e1ticos de finales del pasado a\u00f1o.<\/p>\n<p>Asimismo, la inflaci\u00f3n subyacente se mantiene dentro del rango meta, al situarse en 4.58 % interanual en igual per\u00edodo.<\/p>\n<p>Sin embargo, el conflicto b\u00e9lico en el Medio Oriente representa un choque de oferta negativo al incrementar los precios de materias primas importadas y de insumos estrat\u00e9gicos para la producci\u00f3n nacional.<\/p>\n<p>Ante esta situaci\u00f3n, el Gobierno dominicano est\u00e1 implementando un programa subsidios parciales a los combustibles y otros productos y asistencia social a la poblaci\u00f3n vulnerable; a la vez que mantendr\u00eda la ejecuci\u00f3n prevista del gasto de capital.<\/p>\n<p><img decoding=\"async\" class=\"size-full wp-image-3103407 not-transparent aligncenter\" src=\"https:\/\/i0.wp.com\/nuevodiario-assets.s3.us-east-2.amazonaws.com\/wp-content\/uploads\/2026\/04\/Variacion-TPM-.jpeg?resize=640%2C614&amp;quality=100&amp;ssl=1\" sizes=\"auto\" srcset=\"https:\/\/nuevodiario-assets.s3.us-east-2.amazonaws.com\/wp-content\/uploads\/2026\/04\/Variacion-TPM-.jpeg 725w, https:\/\/nuevodiario-assets.s3.us-east-2.amazonaws.com\/wp-content\/uploads\/2026\/04\/Variacion-TPM-.jpeg 400w, https:\/\/nuevodiario-assets.s3.us-east-2.amazonaws.com\/wp-content\/uploads\/2026\/04\/Variacion-TPM-.jpeg 600w,https:\/\/i0.wp.com\/nuevodiario-assets.s3.us-east-2.amazonaws.com\/wp-content\/uploads\/2026\/04\/Variacion-TPM-.jpeg?resize=920%2C883&amp;quality=100&amp;ssl=1&amp;_jb=custom 1910w\" alt=\"\" width=\"640\" height=\"614\" data-recalc-dims=\"1\" data-dominant-color=\"d8dce3\" data-has-transparency=\"false\" \/><\/p>\n<p>Considerando los efectos del choque energ\u00e9tico internacional, el sistema de pron\u00f3sticos del BCRD indica que la inflaci\u00f3n interanual podr\u00eda ubicarse temporalmente por encima del l\u00edmite superior del rango meta durante los pr\u00f3ximos meses; retornando al rango objetivo de 4.0 % \u00b1 1.0 % para el cierre del a\u00f1o, conforme se disipe el impacto de los mayores precios del petr\u00f3leo. Asimismo, las expectativas de inflaci\u00f3n de los agentes econ\u00f3micos se mantienen ancladas a la meta establecida en el programa monetario.<\/p>\n<p>Es importante destacar que las perspectivas permanecen condicionadas por la incertidumbre, con riesgos asociados a la duraci\u00f3n y magnitud del conflicto en el Medio Oriente.<\/p>\n<p>Ante este cambiante panorama, el Banco Central se mantendr\u00e1 monitoreando la evoluci\u00f3n de las condiciones internacionales, con el objetivo de adoptar oportunamente las medidas necesarias que contribuyan al cumplimiento de la meta de inflaci\u00f3n.<\/p>\n<p>Por otro lado, las condiciones financieras locales han permanecido estables, con una expansi\u00f3n del cr\u00e9dito privado en moneda nacional en torno al 9 % interanual. De igual forma, los agregados monetarios mantienen un ritmo de crecimiento por encima del producto interno bruto (PIB) nominal al cierre de abril.<\/p>\n<p>En este contexto, el indicador mensual de actividad econ\u00f3mica (IMAE) ha registrado una mejor\u00eda gradual en los primeros meses de 2026, con una expansi\u00f3n interanual de 5.1 % en el mes de marzo, impulsada principalmente por los sectores de construcci\u00f3n, manufactura de zonas francas y hoteles, bares y restaurantes.<\/p>\n<p>De esta forma, la econom\u00eda acumul\u00f3 un crecimiento promedio de 4.1 % durante el primer trimestre del a\u00f1o. Hacia adelante, se prev\u00e9 que la actividad econ\u00f3mica se expanda en torno a 3.5 % \u2013 4.0 % para el 2026, apoyada en la recuperaci\u00f3n de la inversi\u00f3n privada y la resiliencia del sector externo.<\/p>\n<p>A pesar del complejo entorno internacional, las actividades generadoras de divisas mantienen un buen desempe\u00f1o, contribuyendo con la estabilidad relativa del tipo de cambio. En efecto, el peso dominicano acumula una apreciaci\u00f3n en torno a 5.2 % al cierre de abril de 2026.<\/p>\n<p>Asimismo, las reservas internacionales se ubican en unos US$16,000 millones, equivalente a 12 % del PIB y unos seis meses de importaciones, superando las m\u00e9tricas recomendadas por el FMI.<\/p>\n<p>Es importante resaltar que la econom\u00eda dominicana cuenta con fuertes fundamentos y un sector productivo resiliente para enfrentar el desafiante panorama.<\/p>\n<p>El Banco Central de la Rep\u00fablica Dominicana continuar\u00e1 dando seguimiento a la coyuntura internacional y su potencial impacto sobre las condiciones macroecon\u00f3micas locales, reiterando su compromiso con su objetivo de inflaci\u00f3n y con la estabilidad macroecon\u00f3mica.<\/p>\n<p>JSB\/<\/p>\n","protected":false},"excerpt":{"rendered":"<p>En Am\u00e9rica Latina, el crecimiento econ\u00f3mico se mantendr\u00eda moderado, con una expansi\u00f3n promedio de 2.3 % en 2026,<\/p>\n","protected":false},"author":2,"featured_media":3575,"comment_status":"open","ping_status":"open","sticky":false,"template":"","format":"standard","meta":{"footnotes":""},"categories":[26],"tags":[],"class_list":["post-3574","post","type-post","status-publish","format-standard","has-post-thumbnail","hentry","category-economia"],"yoast_head":"<!-- This site is optimized with the Yoast SEO plugin v27.5 - https:\/\/yoast.com\/product\/yoast-seo-wordpress\/ -->\n<title>BCRD mantiene su tasa de pol\u00edtica monetaria en 5.25 % anual - Accionar Pol\u00edtico<\/title>\n<meta name=\"robots\" content=\"index, follow, max-snippet:-1, max-image-preview:large, max-video-preview:-1\" \/>\n<link rel=\"canonical\" href=\"https:\/\/accionarpolitico.com\/?p=3574\" \/>\n<meta property=\"og:locale\" content=\"es_ES\" \/>\n<meta property=\"og:type\" content=\"article\" \/>\n<meta property=\"og:title\" content=\"BCRD mantiene su tasa de pol\u00edtica monetaria en 5.25 % anual - Accionar Pol\u00edtico\" \/>\n<meta property=\"og:description\" content=\"En Am\u00e9rica Latina, el crecimiento econ\u00f3mico se mantendr\u00eda moderado, con una expansi\u00f3n promedio de 2.3 % en 2026,\" \/>\n<meta property=\"og:url\" content=\"https:\/\/accionarpolitico.com\/?p=3574\" \/>\n<meta property=\"og:site_name\" content=\"Accionar Pol\u00edtico\" \/>\n<meta property=\"article:published_time\" content=\"2026-05-01T11:50:26+00:00\" \/>\n<meta property=\"og:image\" content=\"https:\/\/accionarpolitico.com\/wp-content\/uploads\/2026\/05\/Banco-central-1-1.jpg\" \/>\n\t<meta property=\"og:image:width\" content=\"1200\" \/>\n\t<meta property=\"og:image:height\" content=\"756\" \/>\n\t<meta property=\"og:image:type\" content=\"image\/jpeg\" \/>\n<meta name=\"author\" content=\"Accionar Pol\u00edtico\" \/>\n<meta name=\"twitter:card\" content=\"summary_large_image\" \/>\n<meta name=\"twitter:label1\" content=\"Written by\" \/>\n\t<meta name=\"twitter:data1\" content=\"Accionar Pol\u00edtico\" \/>\n\t<meta name=\"twitter:label2\" content=\"Est. reading time\" \/>\n\t<meta name=\"twitter:data2\" content=\"6 minutos\" \/>\n<script type=\"application\/ld+json\" class=\"yoast-schema-graph\">{\"@context\":\"https:\\\/\\\/schema.org\",\"@graph\":[{\"@type\":\"Article\",\"@id\":\"https:\\\/\\\/accionarpolitico.com\\\/?p=3574#article\",\"isPartOf\":{\"@id\":\"https:\\\/\\\/accionarpolitico.com\\\/?p=3574\"},\"author\":{\"name\":\"Accionar Pol\u00edtico\",\"@id\":\"https:\\\/\\\/accionarpolitico.com\\\/#\\\/schema\\\/person\\\/65534a4fff399b93a1ed5789a232f2bd\"},\"headline\":\"BCRD mantiene su tasa de pol\u00edtica monetaria en 5.25 % anual\",\"datePublished\":\"2026-05-01T11:50:26+00:00\",\"mainEntityOfPage\":{\"@id\":\"https:\\\/\\\/accionarpolitico.com\\\/?p=3574\"},\"wordCount\":1097,\"commentCount\":0,\"publisher\":{\"@id\":\"https:\\\/\\\/accionarpolitico.com\\\/#organization\"},\"image\":{\"@id\":\"https:\\\/\\\/accionarpolitico.com\\\/?p=3574#primaryimage\"},\"thumbnailUrl\":\"https:\\\/\\\/accionarpolitico.com\\\/wp-content\\\/uploads\\\/2026\\\/05\\\/Banco-central-1-1.jpg\",\"articleSection\":[\"Econom\u00eda\"],\"inLanguage\":\"es-DO\",\"potentialAction\":[{\"@type\":\"CommentAction\",\"name\":\"Comment\",\"target\":[\"https:\\\/\\\/accionarpolitico.com\\\/?p=3574#respond\"]}]},{\"@type\":\"WebPage\",\"@id\":\"https:\\\/\\\/accionarpolitico.com\\\/?p=3574\",\"url\":\"https:\\\/\\\/accionarpolitico.com\\\/?p=3574\",\"name\":\"BCRD mantiene su tasa de pol\u00edtica monetaria en 5.25 % anual - Accionar Pol\u00edtico\",\"isPartOf\":{\"@id\":\"https:\\\/\\\/accionarpolitico.com\\\/#website\"},\"primaryImageOfPage\":{\"@id\":\"https:\\\/\\\/accionarpolitico.com\\\/?p=3574#primaryimage\"},\"image\":{\"@id\":\"https:\\\/\\\/accionarpolitico.com\\\/?p=3574#primaryimage\"},\"thumbnailUrl\":\"https:\\\/\\\/accionarpolitico.com\\\/wp-content\\\/uploads\\\/2026\\\/05\\\/Banco-central-1-1.jpg\",\"datePublished\":\"2026-05-01T11:50:26+00:00\",\"breadcrumb\":{\"@id\":\"https:\\\/\\\/accionarpolitico.com\\\/?p=3574#breadcrumb\"},\"inLanguage\":\"es-DO\",\"potentialAction\":[{\"@type\":\"ReadAction\",\"target\":[\"https:\\\/\\\/accionarpolitico.com\\\/?p=3574\"]}]},{\"@type\":\"ImageObject\",\"inLanguage\":\"es-DO\",\"@id\":\"https:\\\/\\\/accionarpolitico.com\\\/?p=3574#primaryimage\",\"url\":\"https:\\\/\\\/accionarpolitico.com\\\/wp-content\\\/uploads\\\/2026\\\/05\\\/Banco-central-1-1.jpg\",\"contentUrl\":\"https:\\\/\\\/accionarpolitico.com\\\/wp-content\\\/uploads\\\/2026\\\/05\\\/Banco-central-1-1.jpg\",\"width\":1200,\"height\":756,\"caption\":\"Fachada del BCRD. (Foto: fuente externa)\"},{\"@type\":\"BreadcrumbList\",\"@id\":\"https:\\\/\\\/accionarpolitico.com\\\/?p=3574#breadcrumb\",\"itemListElement\":[{\"@type\":\"ListItem\",\"position\":1,\"name\":\"Home\",\"item\":\"https:\\\/\\\/accionarpolitico.com\\\/\"},{\"@type\":\"ListItem\",\"position\":2,\"name\":\"BCRD mantiene su tasa de pol\u00edtica monetaria en 5.25 % anual\"}]},{\"@type\":\"WebSite\",\"@id\":\"https:\\\/\\\/accionarpolitico.com\\\/#website\",\"url\":\"https:\\\/\\\/accionarpolitico.com\\\/\",\"name\":\"Accionar Pol\u00edtico\",\"description\":\"\",\"publisher\":{\"@id\":\"https:\\\/\\\/accionarpolitico.com\\\/#organization\"},\"potentialAction\":[{\"@type\":\"SearchAction\",\"target\":{\"@type\":\"EntryPoint\",\"urlTemplate\":\"https:\\\/\\\/accionarpolitico.com\\\/?s={search_term_string}\"},\"query-input\":{\"@type\":\"PropertyValueSpecification\",\"valueRequired\":true,\"valueName\":\"search_term_string\"}}],\"inLanguage\":\"es-DO\"},{\"@type\":\"Organization\",\"@id\":\"https:\\\/\\\/accionarpolitico.com\\\/#organization\",\"name\":\"Accionar Pol\u00edtico\",\"url\":\"https:\\\/\\\/accionarpolitico.com\\\/\",\"logo\":{\"@type\":\"ImageObject\",\"inLanguage\":\"es-DO\",\"@id\":\"https:\\\/\\\/accionarpolitico.com\\\/#\\\/schema\\\/logo\\\/image\\\/\",\"url\":\"https:\\\/\\\/accionarpolitico.com\\\/wp-content\\\/uploads\\\/2025\\\/09\\\/cropped-cropped-cropped-Copia-de-www.accionarpolitico.com-1-e1757590877213.png\",\"contentUrl\":\"https:\\\/\\\/accionarpolitico.com\\\/wp-content\\\/uploads\\\/2025\\\/09\\\/cropped-cropped-cropped-Copia-de-www.accionarpolitico.com-1-e1757590877213.png\",\"width\":520,\"height\":240,\"caption\":\"Accionar Pol\u00edtico\"},\"image\":{\"@id\":\"https:\\\/\\\/accionarpolitico.com\\\/#\\\/schema\\\/logo\\\/image\\\/\"}},{\"@type\":\"Person\",\"@id\":\"https:\\\/\\\/accionarpolitico.com\\\/#\\\/schema\\\/person\\\/65534a4fff399b93a1ed5789a232f2bd\",\"name\":\"Accionar Pol\u00edtico\",\"image\":{\"@type\":\"ImageObject\",\"inLanguage\":\"es-DO\",\"@id\":\"https:\\\/\\\/secure.gravatar.com\\\/avatar\\\/c252f6ef04e8d91bb2e217b3be73f8896894d546e9332093a3b5330e12cedb7f?s=96&d=mm&r=g\",\"url\":\"https:\\\/\\\/secure.gravatar.com\\\/avatar\\\/c252f6ef04e8d91bb2e217b3be73f8896894d546e9332093a3b5330e12cedb7f?s=96&d=mm&r=g\",\"contentUrl\":\"https:\\\/\\\/secure.gravatar.com\\\/avatar\\\/c252f6ef04e8d91bb2e217b3be73f8896894d546e9332093a3b5330e12cedb7f?s=96&d=mm&r=g\",\"caption\":\"Accionar Pol\u00edtico\"},\"description\":\"AccionarPolitico.com es un medio de comunicaci\u00f3n digital dedicado a la edici\u00f3n y difusi\u00f3n de noticias, informaciones, entrevistas y an\u00e1lisis sobre el acontecer pol\u00edtico, econ\u00f3mico y social de la Rep\u00fablica Dominicana. Promovemos la defensa de la democracia, la pluralidad y la libre expresi\u00f3n y difusi\u00f3n del pensamiento, garantizando as\u00ed la permanencia de un estado de derecho en el pa\u00eds. Su Director es Marcos Dominici (accionarpolitico@gmail.com) + 1 809.431.7000 Accionar Pol\u00edtico \\\"Marcando el Rumbo de la Historia\\\".\",\"url\":\"https:\\\/\\\/accionarpolitico.com\\\/?author=2\"}]}<\/script>\n<!-- \/ Yoast SEO plugin. -->","yoast_head_json":{"title":"BCRD mantiene su tasa de pol\u00edtica monetaria en 5.25 % anual - Accionar Pol\u00edtico","robots":{"index":"index","follow":"follow","max-snippet":"max-snippet:-1","max-image-preview":"max-image-preview:large","max-video-preview":"max-video-preview:-1"},"canonical":"https:\/\/accionarpolitico.com\/?p=3574","og_locale":"es_ES","og_type":"article","og_title":"BCRD mantiene su tasa de pol\u00edtica monetaria en 5.25 % anual - Accionar Pol\u00edtico","og_description":"En Am\u00e9rica Latina, el crecimiento econ\u00f3mico se mantendr\u00eda moderado, con una expansi\u00f3n promedio de 2.3 % en 2026,","og_url":"https:\/\/accionarpolitico.com\/?p=3574","og_site_name":"Accionar Pol\u00edtico","article_published_time":"2026-05-01T11:50:26+00:00","og_image":[{"width":1200,"height":756,"url":"https:\/\/accionarpolitico.com\/wp-content\/uploads\/2026\/05\/Banco-central-1-1.jpg","type":"image\/jpeg"}],"author":"Accionar Pol\u00edtico","twitter_card":"summary_large_image","twitter_misc":{"Written by":"Accionar Pol\u00edtico","Est. reading time":"6 minutos"},"schema":{"@context":"https:\/\/schema.org","@graph":[{"@type":"Article","@id":"https:\/\/accionarpolitico.com\/?p=3574#article","isPartOf":{"@id":"https:\/\/accionarpolitico.com\/?p=3574"},"author":{"name":"Accionar Pol\u00edtico","@id":"https:\/\/accionarpolitico.com\/#\/schema\/person\/65534a4fff399b93a1ed5789a232f2bd"},"headline":"BCRD mantiene su tasa de pol\u00edtica monetaria en 5.25 % anual","datePublished":"2026-05-01T11:50:26+00:00","mainEntityOfPage":{"@id":"https:\/\/accionarpolitico.com\/?p=3574"},"wordCount":1097,"commentCount":0,"publisher":{"@id":"https:\/\/accionarpolitico.com\/#organization"},"image":{"@id":"https:\/\/accionarpolitico.com\/?p=3574#primaryimage"},"thumbnailUrl":"https:\/\/accionarpolitico.com\/wp-content\/uploads\/2026\/05\/Banco-central-1-1.jpg","articleSection":["Econom\u00eda"],"inLanguage":"es-DO","potentialAction":[{"@type":"CommentAction","name":"Comment","target":["https:\/\/accionarpolitico.com\/?p=3574#respond"]}]},{"@type":"WebPage","@id":"https:\/\/accionarpolitico.com\/?p=3574","url":"https:\/\/accionarpolitico.com\/?p=3574","name":"BCRD mantiene su tasa de pol\u00edtica monetaria en 5.25 % anual - Accionar Pol\u00edtico","isPartOf":{"@id":"https:\/\/accionarpolitico.com\/#website"},"primaryImageOfPage":{"@id":"https:\/\/accionarpolitico.com\/?p=3574#primaryimage"},"image":{"@id":"https:\/\/accionarpolitico.com\/?p=3574#primaryimage"},"thumbnailUrl":"https:\/\/accionarpolitico.com\/wp-content\/uploads\/2026\/05\/Banco-central-1-1.jpg","datePublished":"2026-05-01T11:50:26+00:00","breadcrumb":{"@id":"https:\/\/accionarpolitico.com\/?p=3574#breadcrumb"},"inLanguage":"es-DO","potentialAction":[{"@type":"ReadAction","target":["https:\/\/accionarpolitico.com\/?p=3574"]}]},{"@type":"ImageObject","inLanguage":"es-DO","@id":"https:\/\/accionarpolitico.com\/?p=3574#primaryimage","url":"https:\/\/accionarpolitico.com\/wp-content\/uploads\/2026\/05\/Banco-central-1-1.jpg","contentUrl":"https:\/\/accionarpolitico.com\/wp-content\/uploads\/2026\/05\/Banco-central-1-1.jpg","width":1200,"height":756,"caption":"Fachada del BCRD. (Foto: fuente externa)"},{"@type":"BreadcrumbList","@id":"https:\/\/accionarpolitico.com\/?p=3574#breadcrumb","itemListElement":[{"@type":"ListItem","position":1,"name":"Home","item":"https:\/\/accionarpolitico.com\/"},{"@type":"ListItem","position":2,"name":"BCRD mantiene su tasa de pol\u00edtica monetaria en 5.25 % anual"}]},{"@type":"WebSite","@id":"https:\/\/accionarpolitico.com\/#website","url":"https:\/\/accionarpolitico.com\/","name":"Accionar Pol\u00edtico","description":"","publisher":{"@id":"https:\/\/accionarpolitico.com\/#organization"},"potentialAction":[{"@type":"SearchAction","target":{"@type":"EntryPoint","urlTemplate":"https:\/\/accionarpolitico.com\/?s={search_term_string}"},"query-input":{"@type":"PropertyValueSpecification","valueRequired":true,"valueName":"search_term_string"}}],"inLanguage":"es-DO"},{"@type":"Organization","@id":"https:\/\/accionarpolitico.com\/#organization","name":"Accionar Pol\u00edtico","url":"https:\/\/accionarpolitico.com\/","logo":{"@type":"ImageObject","inLanguage":"es-DO","@id":"https:\/\/accionarpolitico.com\/#\/schema\/logo\/image\/","url":"https:\/\/accionarpolitico.com\/wp-content\/uploads\/2025\/09\/cropped-cropped-cropped-Copia-de-www.accionarpolitico.com-1-e1757590877213.png","contentUrl":"https:\/\/accionarpolitico.com\/wp-content\/uploads\/2025\/09\/cropped-cropped-cropped-Copia-de-www.accionarpolitico.com-1-e1757590877213.png","width":520,"height":240,"caption":"Accionar Pol\u00edtico"},"image":{"@id":"https:\/\/accionarpolitico.com\/#\/schema\/logo\/image\/"}},{"@type":"Person","@id":"https:\/\/accionarpolitico.com\/#\/schema\/person\/65534a4fff399b93a1ed5789a232f2bd","name":"Accionar Pol\u00edtico","image":{"@type":"ImageObject","inLanguage":"es-DO","@id":"https:\/\/secure.gravatar.com\/avatar\/c252f6ef04e8d91bb2e217b3be73f8896894d546e9332093a3b5330e12cedb7f?s=96&d=mm&r=g","url":"https:\/\/secure.gravatar.com\/avatar\/c252f6ef04e8d91bb2e217b3be73f8896894d546e9332093a3b5330e12cedb7f?s=96&d=mm&r=g","contentUrl":"https:\/\/secure.gravatar.com\/avatar\/c252f6ef04e8d91bb2e217b3be73f8896894d546e9332093a3b5330e12cedb7f?s=96&d=mm&r=g","caption":"Accionar Pol\u00edtico"},"description":"AccionarPolitico.com es un medio de comunicaci\u00f3n digital dedicado a la edici\u00f3n y difusi\u00f3n de noticias, informaciones, entrevistas y an\u00e1lisis sobre el acontecer pol\u00edtico, econ\u00f3mico y social de la Rep\u00fablica Dominicana. Promovemos la defensa de la democracia, la pluralidad y la libre expresi\u00f3n y difusi\u00f3n del pensamiento, garantizando as\u00ed la permanencia de un estado de derecho en el pa\u00eds. Su Director es Marcos Dominici (accionarpolitico@gmail.com) + 1 809.431.7000 Accionar Pol\u00edtico \"Marcando el Rumbo de la Historia\".","url":"https:\/\/accionarpolitico.com\/?author=2"}]}},"_links":{"self":[{"href":"https:\/\/accionarpolitico.com\/index.php?rest_route=\/wp\/v2\/posts\/3574","targetHints":{"allow":["GET"]}}],"collection":[{"href":"https:\/\/accionarpolitico.com\/index.php?rest_route=\/wp\/v2\/posts"}],"about":[{"href":"https:\/\/accionarpolitico.com\/index.php?rest_route=\/wp\/v2\/types\/post"}],"author":[{"embeddable":true,"href":"https:\/\/accionarpolitico.com\/index.php?rest_route=\/wp\/v2\/users\/2"}],"replies":[{"embeddable":true,"href":"https:\/\/accionarpolitico.com\/index.php?rest_route=%2Fwp%2Fv2%2Fcomments&post=3574"}],"version-history":[{"count":1,"href":"https:\/\/accionarpolitico.com\/index.php?rest_route=\/wp\/v2\/posts\/3574\/revisions"}],"predecessor-version":[{"id":3576,"href":"https:\/\/accionarpolitico.com\/index.php?rest_route=\/wp\/v2\/posts\/3574\/revisions\/3576"}],"wp:featuredmedia":[{"embeddable":true,"href":"https:\/\/accionarpolitico.com\/index.php?rest_route=\/wp\/v2\/media\/3575"}],"wp:attachment":[{"href":"https:\/\/accionarpolitico.com\/index.php?rest_route=%2Fwp%2Fv2%2Fmedia&parent=3574"}],"wp:term":[{"taxonomy":"category","embeddable":true,"href":"https:\/\/accionarpolitico.com\/index.php?rest_route=%2Fwp%2Fv2%2Fcategories&post=3574"},{"taxonomy":"post_tag","embeddable":true,"href":"https:\/\/accionarpolitico.com\/index.php?rest_route=%2Fwp%2Fv2%2Ftags&post=3574"}],"curies":[{"name":"wp","href":"https:\/\/api.w.org\/{rel}","templated":true}]}}